{"id":31373,"date":"2022-09-01T07:38:52","date_gmt":"2022-09-01T07:38:52","guid":{"rendered":"https:\/\/liviko.eu\/?p=31373"},"modified":"2022-09-09T05:54:09","modified_gmt":"2022-09-09T05:54:09","slug":"gallery-the-vana-tallinn-gala-filled-the-national-opera-house-with-opera-hits-and-glamour","status":"publish","type":"post","link":"https:\/\/liviko.eu\/en\/gallery-the-vana-tallinn-gala-filled-the-national-opera-house-with-opera-hits-and-glamour\/","title":{"rendered":"Gallery: The Vana Tallinn Gala filled the national opera house with opera hits and glamour"},"content":{"rendered":"\n<p><strong>The 117th season of the Estonian National Opera opened on 28 August with the festive Vana Tallinn Gala. Held already for the tenth time, the opera gala is the longest continuously held classical music concert in Estonia. At the festive gala evening, the Estonian National Opera and Liviko signed a sponsorship agreement covering the next five years.<\/strong><\/p>\n\n\n\n<p>\u201cThe National Opera is very grateful to the sponsors and partners with whom we\u2019ve had a lengthy collaboration. One such sponsor is undoubtedly Liviko. It is thanks to their help and support that we are able to realise something truly beautiful, spectacular and sublime together, such as the annual Vana Tallinn Gala, which attracts an exceptionally large audience,\u201d said Ott Maaten, Director of the Estonian National Opera.<\/p>\n\n\n\n<p>The exclusive concert evening featured soloists Olga Mykytenko, a Ukrainian soprano who has won international singing competitions and shone on opera stages around the world, tenor Raimonds Bramanis, a soloist with the Latvian National Opera, and the much-acclaimed and much-loved bass Ain Anger. The music was performed by the orchestra and choir of the Estonian National Opera, conducted by Arvo Volmer.<\/p>\n\n\n\n<p>At the gala evening, a five-year cooperation agreement between Liviko AS and the Estonian National Opera was signed by Enn Kunila, Chairman of the Supervisory Board of Liviko AS, and Ott Maaten, Director of the Estonian National Opera.<\/p>\n\n\n\n<p>\u201cLiviko has been a major sponsor of the Estonian National Opera for more than a decade and we are delighted to continue to support high quality music and theatre experiences. Supporting culture is a tangible way to contribute to a more beautiful, creative and liveable society. The Vana Tallinn Gala is an excellent example of successful cooperation, and the gala concert, which was jointly initiated in 2013, has become a highly anticipated event to open the opera season among music lovers,\u201d said Enn Kunila, Chairman of the Supervisory Board of Liviko AS.<\/p>\n\n\n\n<p>The Vana Tallinn Gala was first held as a collaboration between the Estonian National Opera and Liviko in 2013. The Vana Tallinn Gala is the longest continuously held classical music concert in Estonia. In addition to its sponsorship of opera, Liviko contributes to the promotion of Estonian culture by supporting the Estonian Artists\u2019 Association, the Estonian National Symphony Orchestra and a number of other cultural events.<\/p>\n\n\n\n<p>Gallery:&nbsp;<a href=\"https:\/\/www.dropbox.com\/sh\/ycg27hm7tkoveuj\/AACHQ6sz2o-Bc_TbtfSv3ha-a?dl=0\" target=\"_blank\" rel=\"noreferrer noopener\">https:\/\/www.dropbox.com\/sh\/ycg27hm7tkoveuj\/AACHQ6sz2o-Bc_TbtfSv3ha-a?dl=0<\/a>&nbsp;(photographers: Kalev Lilleorg and Maksim Toome).<\/p>\n\n\n\n<div class=\"wp-block-image\"><figure class=\"aligncenter size-large is-resized\"><img fetchpriority=\"high\" decoding=\"async\" src=\"http:\/\/liviko.eu\/wp-content\/uploads\/2022\/08\/Vana-Tallinna-Gala-2022-Maksim-Toome-1443-1366x911.jpg\" alt=\"\" class=\"wp-image-31321\" width=\"683\" height=\"456\" srcset=\"https:\/\/liviko.eu\/wp-content\/uploads\/2022\/08\/Vana-Tallinna-Gala-2022-Maksim-Toome-1443-1366x911.jpg 1366w, https:\/\/liviko.eu\/wp-content\/uploads\/2022\/08\/Vana-Tallinna-Gala-2022-Maksim-Toome-1443-920x613.jpg 920w, https:\/\/liviko.eu\/wp-content\/uploads\/2022\/08\/Vana-Tallinna-Gala-2022-Maksim-Toome-1443-768x512.jpg 768w, https:\/\/liviko.eu\/wp-content\/uploads\/2022\/08\/Vana-Tallinna-Gala-2022-Maksim-Toome-1443-1536x1024.jpg 1536w, https:\/\/liviko.eu\/wp-content\/uploads\/2022\/08\/Vana-Tallinna-Gala-2022-Maksim-Toome-1443-2048x1365.jpg 2048w, https:\/\/liviko.eu\/wp-content\/uploads\/2022\/08\/Vana-Tallinna-Gala-2022-Maksim-Toome-1443-480x320.jpg 480w, https:\/\/liviko.eu\/wp-content\/uploads\/2022\/08\/Vana-Tallinna-Gala-2022-Maksim-Toome-1443-905x603.jpg 905w\" sizes=\"(max-width: 683px) 100vw, 683px\" \/><figcaption>Photo: Maksim Toome<\/figcaption><\/figure><\/div>\n","protected":false},"excerpt":{"rendered":"<p>The 117th season of the Estonian National Opera opened on 28 August with the festive Vana Tallinn Gala. Held already for the tenth time, the opera gala is the longest continuously held classical music concert in Estonia. At the festive&#8230;<\/p>\n","protected":false},"author":8,"featured_media":31327,"comment_status":"closed","ping_status":"closed","sticky":false,"template":"","format":"standard","meta":{"_acf_changed":false,"inline_featured_image":false,"_monsterinsights_skip_tracking":false,"_monsterinsights_sitenote_active":false,"_monsterinsights_sitenote_note":"","_monsterinsights_sitenote_category":0,"footnotes":""},"categories":[1],"tags":[],"pagrindinis_gerimas":[],"skonis":[],"prekinis_zenklas":[],"class_list":["post-31373","post","type-post","status-publish","format-standard","has-post-thumbnail","hentry","category-uncategorized"],"acf":[],"yoast_head":"<!-- This site is optimized with the Yoast SEO plugin v24.0 - https:\/\/yoast.com\/wordpress\/plugins\/seo\/ -->\n<title>Gallery: The Vana Tallinn Gala filled the national opera house with opera hits and glamour - Liviko<\/title>\n<meta name=\"description\" content=\"Liviko on rahvusvaheline kiirelt arenev kvaliteetalkoholi grupp, mis m\u00fc\u00fcb omatooteid 60 turul ja esindab maailma juhtivaid kvaliteetalkoholi br\u00e4nde Baltimaades.\" \/>\n<meta name=\"robots\" content=\"index, follow, max-snippet:-1, max-image-preview:large, max-video-preview:-1\" \/>\n<link rel=\"canonical\" href=\"https:\/\/liviko.eu\/en\/gallery-the-vana-tallinn-gala-filled-the-national-opera-house-with-opera-hits-and-glamour\/\" \/>\n<meta property=\"og:locale\" content=\"en_US\" \/>\n<meta property=\"og:type\" content=\"article\" \/>\n<meta property=\"og:title\" content=\"Gallery: The Vana Tallinn Gala filled the national opera house with opera hits and glamour - Liviko\" \/>\n<meta property=\"og:description\" content=\"Liviko on rahvusvaheline kiirelt arenev kvaliteetalkoholi grupp, mis m\u00fc\u00fcb omatooteid 60 turul ja esindab maailma juhtivaid kvaliteetalkoholi br\u00e4nde Baltimaades.\" \/>\n<meta property=\"og:url\" content=\"https:\/\/liviko.eu\/en\/gallery-the-vana-tallinn-gala-filled-the-national-opera-house-with-opera-hits-and-glamour\/\" \/>\n<meta property=\"og:site_name\" content=\"Liviko\" \/>\n<meta property=\"article:publisher\" content=\"https:\/\/www.facebook.com\/LivikoDistillery\/\" \/>\n<meta property=\"article:published_time\" content=\"2022-09-01T07:38:52+00:00\" \/>\n<meta property=\"article:modified_time\" content=\"2022-09-09T05:54:09+00:00\" \/>\n<meta property=\"og:image\" content=\"https:\/\/liviko.eu\/wp-content\/uploads\/2022\/08\/Liviko-uudise-kuljepilt.jpg\" \/>\n\t<meta property=\"og:image:width\" content=\"800\" \/>\n\t<meta property=\"og:image:height\" content=\"530\" \/>\n\t<meta property=\"og:image:type\" content=\"image\/jpeg\" \/>\n<meta name=\"author\" content=\"LoretteP\" \/>\n<meta name=\"twitter:card\" content=\"summary_large_image\" \/>\n<meta name=\"twitter:label1\" content=\"Written by\" \/>\n\t<meta name=\"twitter:data1\" content=\"LoretteP\" \/>\n\t<meta name=\"twitter:label2\" content=\"Est. reading time\" \/>\n\t<meta name=\"twitter:data2\" content=\"2 minutes\" \/>\n<script type=\"application\/ld+json\" class=\"yoast-schema-graph\">{\"@context\":\"https:\/\/schema.org\",\"@graph\":[{\"@type\":\"NewsArticle\",\"@id\":\"https:\/\/liviko.eu\/en\/gallery-the-vana-tallinn-gala-filled-the-national-opera-house-with-opera-hits-and-glamour\/#article\",\"isPartOf\":{\"@id\":\"https:\/\/liviko.eu\/en\/gallery-the-vana-tallinn-gala-filled-the-national-opera-house-with-opera-hits-and-glamour\/\"},\"author\":{\"name\":\"LoretteP\",\"@id\":\"https:\/\/liviko.eu\/en\/#\/schema\/person\/84beb87931ee45abdac800ac4d648280\"},\"headline\":\"Gallery: The Vana Tallinn Gala filled the national opera house with opera hits and glamour\",\"datePublished\":\"2022-09-01T07:38:52+00:00\",\"dateModified\":\"2022-09-09T05:54:09+00:00\",\"mainEntityOfPage\":{\"@id\":\"https:\/\/liviko.eu\/en\/gallery-the-vana-tallinn-gala-filled-the-national-opera-house-with-opera-hits-and-glamour\/\"},\"wordCount\":420,\"publisher\":{\"@id\":\"https:\/\/liviko.eu\/en\/#organization\"},\"image\":{\"@id\":\"https:\/\/liviko.eu\/en\/gallery-the-vana-tallinn-gala-filled-the-national-opera-house-with-opera-hits-and-glamour\/#primaryimage\"},\"thumbnailUrl\":\"https:\/\/liviko.eu\/wp-content\/uploads\/2022\/08\/Liviko-uudise-kuljepilt.jpg\",\"inLanguage\":\"en-US\"},{\"@type\":\"WebPage\",\"@id\":\"https:\/\/liviko.eu\/en\/gallery-the-vana-tallinn-gala-filled-the-national-opera-house-with-opera-hits-and-glamour\/\",\"url\":\"https:\/\/liviko.eu\/en\/gallery-the-vana-tallinn-gala-filled-the-national-opera-house-with-opera-hits-and-glamour\/\",\"name\":\"Gallery: The Vana Tallinn Gala filled the national opera house with opera hits and glamour - Liviko\",\"isPartOf\":{\"@id\":\"https:\/\/liviko.eu\/en\/#website\"},\"primaryImageOfPage\":{\"@id\":\"https:\/\/liviko.eu\/en\/gallery-the-vana-tallinn-gala-filled-the-national-opera-house-with-opera-hits-and-glamour\/#primaryimage\"},\"image\":{\"@id\":\"https:\/\/liviko.eu\/en\/gallery-the-vana-tallinn-gala-filled-the-national-opera-house-with-opera-hits-and-glamour\/#primaryimage\"},\"thumbnailUrl\":\"https:\/\/liviko.eu\/wp-content\/uploads\/2022\/08\/Liviko-uudise-kuljepilt.jpg\",\"datePublished\":\"2022-09-01T07:38:52+00:00\",\"dateModified\":\"2022-09-09T05:54:09+00:00\",\"description\":\"Liviko on rahvusvaheline kiirelt arenev kvaliteetalkoholi grupp, mis m\u00fc\u00fcb omatooteid 60 turul ja esindab maailma juhtivaid kvaliteetalkoholi br\u00e4nde Baltimaades.\",\"breadcrumb\":{\"@id\":\"https:\/\/liviko.eu\/en\/gallery-the-vana-tallinn-gala-filled-the-national-opera-house-with-opera-hits-and-glamour\/#breadcrumb\"},\"inLanguage\":\"en-US\",\"potentialAction\":[{\"@type\":\"ReadAction\",\"target\":[\"https:\/\/liviko.eu\/en\/gallery-the-vana-tallinn-gala-filled-the-national-opera-house-with-opera-hits-and-glamour\/\"]}]},{\"@type\":\"ImageObject\",\"inLanguage\":\"en-US\",\"@id\":\"https:\/\/liviko.eu\/en\/gallery-the-vana-tallinn-gala-filled-the-national-opera-house-with-opera-hits-and-glamour\/#primaryimage\",\"url\":\"https:\/\/liviko.eu\/wp-content\/uploads\/2022\/08\/Liviko-uudise-kuljepilt.jpg\",\"contentUrl\":\"https:\/\/liviko.eu\/wp-content\/uploads\/2022\/08\/Liviko-uudise-kuljepilt.jpg\",\"width\":800,\"height\":530},{\"@type\":\"BreadcrumbList\",\"@id\":\"https:\/\/liviko.eu\/en\/gallery-the-vana-tallinn-gala-filled-the-national-opera-house-with-opera-hits-and-glamour\/#breadcrumb\",\"itemListElement\":[{\"@type\":\"ListItem\",\"position\":1,\"name\":\"Home\",\"item\":\"https:\/\/liviko.eu\/en\/\"},{\"@type\":\"ListItem\",\"position\":2,\"name\":\"Gallery: The Vana Tallinn Gala filled the national opera house with opera hits and glamour\"}]},{\"@type\":\"WebSite\",\"@id\":\"https:\/\/liviko.eu\/en\/#website\",\"url\":\"https:\/\/liviko.eu\/en\/\",\"name\":\"Liviko\",\"description\":\"anno 1898\",\"publisher\":{\"@id\":\"https:\/\/liviko.eu\/en\/#organization\"},\"potentialAction\":[{\"@type\":\"SearchAction\",\"target\":{\"@type\":\"EntryPoint\",\"urlTemplate\":\"https:\/\/liviko.eu\/en\/?s={search_term_string}\"},\"query-input\":{\"@type\":\"PropertyValueSpecification\",\"valueRequired\":true,\"valueName\":\"search_term_string\"}}],\"inLanguage\":\"en-US\"},{\"@type\":\"Organization\",\"@id\":\"https:\/\/liviko.eu\/en\/#organization\",\"name\":\"Liviko\",\"url\":\"https:\/\/liviko.eu\/en\/\",\"logo\":{\"@type\":\"ImageObject\",\"inLanguage\":\"en-US\",\"@id\":\"https:\/\/liviko.eu\/en\/#\/schema\/logo\/image\/\",\"url\":\"https:\/\/liviko.eu\/wp-content\/uploads\/2020\/10\/liviko_logo.png\",\"contentUrl\":\"https:\/\/liviko.eu\/wp-content\/uploads\/2020\/10\/liviko_logo.png\",\"width\":515,\"height\":181,\"caption\":\"Liviko\"},\"image\":{\"@id\":\"https:\/\/liviko.eu\/en\/#\/schema\/logo\/image\/\"},\"sameAs\":[\"https:\/\/www.facebook.com\/LivikoDistillery\/\",\"https:\/\/www.instagram.com\/livikodistillery\",\"https:\/\/www.linkedin.com\/company\/liviko\/\",\"https:\/\/www.youtube.com\/channel\/UCnoHr-PaNxBHJO8nMDLVGuA\"]},{\"@type\":\"Person\",\"@id\":\"https:\/\/liviko.eu\/en\/#\/schema\/person\/84beb87931ee45abdac800ac4d648280\",\"name\":\"LoretteP\",\"image\":{\"@type\":\"ImageObject\",\"inLanguage\":\"en-US\",\"@id\":\"https:\/\/liviko.eu\/en\/#\/schema\/person\/image\/\",\"url\":\"https:\/\/secure.gravatar.com\/avatar\/c04e319e034c56e70253aa1390c527b7?s=96&d=mm&r=g\",\"contentUrl\":\"https:\/\/secure.gravatar.com\/avatar\/c04e319e034c56e70253aa1390c527b7?s=96&d=mm&r=g\",\"caption\":\"LoretteP\"}}]}<\/script>\n<!-- \/ Yoast SEO plugin. -->","yoast_head_json":{"title":"Gallery: The Vana Tallinn Gala filled the national opera house with opera hits and glamour - Liviko","description":"Liviko on rahvusvaheline kiirelt arenev kvaliteetalkoholi grupp, mis m\u00fc\u00fcb omatooteid 60 turul ja esindab maailma juhtivaid kvaliteetalkoholi br\u00e4nde Baltimaades.","robots":{"index":"index","follow":"follow","max-snippet":"max-snippet:-1","max-image-preview":"max-image-preview:large","max-video-preview":"max-video-preview:-1"},"canonical":"https:\/\/liviko.eu\/en\/gallery-the-vana-tallinn-gala-filled-the-national-opera-house-with-opera-hits-and-glamour\/","og_locale":"en_US","og_type":"article","og_title":"Gallery: The Vana Tallinn Gala filled the national opera house with opera hits and glamour - Liviko","og_description":"Liviko on rahvusvaheline kiirelt arenev kvaliteetalkoholi grupp, mis m\u00fc\u00fcb omatooteid 60 turul ja esindab maailma juhtivaid kvaliteetalkoholi br\u00e4nde Baltimaades.","og_url":"https:\/\/liviko.eu\/en\/gallery-the-vana-tallinn-gala-filled-the-national-opera-house-with-opera-hits-and-glamour\/","og_site_name":"Liviko","article_publisher":"https:\/\/www.facebook.com\/LivikoDistillery\/","article_published_time":"2022-09-01T07:38:52+00:00","article_modified_time":"2022-09-09T05:54:09+00:00","og_image":[{"width":800,"height":530,"url":"https:\/\/liviko.eu\/wp-content\/uploads\/2022\/08\/Liviko-uudise-kuljepilt.jpg","type":"image\/jpeg"}],"author":"LoretteP","twitter_card":"summary_large_image","twitter_misc":{"Written by":"LoretteP","Est. reading time":"2 minutes"},"schema":{"@context":"https:\/\/schema.org","@graph":[{"@type":"NewsArticle","@id":"https:\/\/liviko.eu\/en\/gallery-the-vana-tallinn-gala-filled-the-national-opera-house-with-opera-hits-and-glamour\/#article","isPartOf":{"@id":"https:\/\/liviko.eu\/en\/gallery-the-vana-tallinn-gala-filled-the-national-opera-house-with-opera-hits-and-glamour\/"},"author":{"name":"LoretteP","@id":"https:\/\/liviko.eu\/en\/#\/schema\/person\/84beb87931ee45abdac800ac4d648280"},"headline":"Gallery: The Vana Tallinn Gala filled the national opera house with opera hits and glamour","datePublished":"2022-09-01T07:38:52+00:00","dateModified":"2022-09-09T05:54:09+00:00","mainEntityOfPage":{"@id":"https:\/\/liviko.eu\/en\/gallery-the-vana-tallinn-gala-filled-the-national-opera-house-with-opera-hits-and-glamour\/"},"wordCount":420,"publisher":{"@id":"https:\/\/liviko.eu\/en\/#organization"},"image":{"@id":"https:\/\/liviko.eu\/en\/gallery-the-vana-tallinn-gala-filled-the-national-opera-house-with-opera-hits-and-glamour\/#primaryimage"},"thumbnailUrl":"https:\/\/liviko.eu\/wp-content\/uploads\/2022\/08\/Liviko-uudise-kuljepilt.jpg","inLanguage":"en-US"},{"@type":"WebPage","@id":"https:\/\/liviko.eu\/en\/gallery-the-vana-tallinn-gala-filled-the-national-opera-house-with-opera-hits-and-glamour\/","url":"https:\/\/liviko.eu\/en\/gallery-the-vana-tallinn-gala-filled-the-national-opera-house-with-opera-hits-and-glamour\/","name":"Gallery: The Vana Tallinn Gala filled the national opera house with opera hits and glamour - Liviko","isPartOf":{"@id":"https:\/\/liviko.eu\/en\/#website"},"primaryImageOfPage":{"@id":"https:\/\/liviko.eu\/en\/gallery-the-vana-tallinn-gala-filled-the-national-opera-house-with-opera-hits-and-glamour\/#primaryimage"},"image":{"@id":"https:\/\/liviko.eu\/en\/gallery-the-vana-tallinn-gala-filled-the-national-opera-house-with-opera-hits-and-glamour\/#primaryimage"},"thumbnailUrl":"https:\/\/liviko.eu\/wp-content\/uploads\/2022\/08\/Liviko-uudise-kuljepilt.jpg","datePublished":"2022-09-01T07:38:52+00:00","dateModified":"2022-09-09T05:54:09+00:00","description":"Liviko on rahvusvaheline kiirelt arenev kvaliteetalkoholi grupp, mis m\u00fc\u00fcb omatooteid 60 turul ja esindab maailma juhtivaid kvaliteetalkoholi br\u00e4nde Baltimaades.","breadcrumb":{"@id":"https:\/\/liviko.eu\/en\/gallery-the-vana-tallinn-gala-filled-the-national-opera-house-with-opera-hits-and-glamour\/#breadcrumb"},"inLanguage":"en-US","potentialAction":[{"@type":"ReadAction","target":["https:\/\/liviko.eu\/en\/gallery-the-vana-tallinn-gala-filled-the-national-opera-house-with-opera-hits-and-glamour\/"]}]},{"@type":"ImageObject","inLanguage":"en-US","@id":"https:\/\/liviko.eu\/en\/gallery-the-vana-tallinn-gala-filled-the-national-opera-house-with-opera-hits-and-glamour\/#primaryimage","url":"https:\/\/liviko.eu\/wp-content\/uploads\/2022\/08\/Liviko-uudise-kuljepilt.jpg","contentUrl":"https:\/\/liviko.eu\/wp-content\/uploads\/2022\/08\/Liviko-uudise-kuljepilt.jpg","width":800,"height":530},{"@type":"BreadcrumbList","@id":"https:\/\/liviko.eu\/en\/gallery-the-vana-tallinn-gala-filled-the-national-opera-house-with-opera-hits-and-glamour\/#breadcrumb","itemListElement":[{"@type":"ListItem","position":1,"name":"Home","item":"https:\/\/liviko.eu\/en\/"},{"@type":"ListItem","position":2,"name":"Gallery: The Vana Tallinn Gala filled the national opera house with opera hits and glamour"}]},{"@type":"WebSite","@id":"https:\/\/liviko.eu\/en\/#website","url":"https:\/\/liviko.eu\/en\/","name":"Liviko","description":"anno 1898","publisher":{"@id":"https:\/\/liviko.eu\/en\/#organization"},"potentialAction":[{"@type":"SearchAction","target":{"@type":"EntryPoint","urlTemplate":"https:\/\/liviko.eu\/en\/?s={search_term_string}"},"query-input":{"@type":"PropertyValueSpecification","valueRequired":true,"valueName":"search_term_string"}}],"inLanguage":"en-US"},{"@type":"Organization","@id":"https:\/\/liviko.eu\/en\/#organization","name":"Liviko","url":"https:\/\/liviko.eu\/en\/","logo":{"@type":"ImageObject","inLanguage":"en-US","@id":"https:\/\/liviko.eu\/en\/#\/schema\/logo\/image\/","url":"https:\/\/liviko.eu\/wp-content\/uploads\/2020\/10\/liviko_logo.png","contentUrl":"https:\/\/liviko.eu\/wp-content\/uploads\/2020\/10\/liviko_logo.png","width":515,"height":181,"caption":"Liviko"},"image":{"@id":"https:\/\/liviko.eu\/en\/#\/schema\/logo\/image\/"},"sameAs":["https:\/\/www.facebook.com\/LivikoDistillery\/","https:\/\/www.instagram.com\/livikodistillery","https:\/\/www.linkedin.com\/company\/liviko\/","https:\/\/www.youtube.com\/channel\/UCnoHr-PaNxBHJO8nMDLVGuA"]},{"@type":"Person","@id":"https:\/\/liviko.eu\/en\/#\/schema\/person\/84beb87931ee45abdac800ac4d648280","name":"LoretteP","image":{"@type":"ImageObject","inLanguage":"en-US","@id":"https:\/\/liviko.eu\/en\/#\/schema\/person\/image\/","url":"https:\/\/secure.gravatar.com\/avatar\/c04e319e034c56e70253aa1390c527b7?s=96&d=mm&r=g","contentUrl":"https:\/\/secure.gravatar.com\/avatar\/c04e319e034c56e70253aa1390c527b7?s=96&d=mm&r=g","caption":"LoretteP"}}]}},"_links":{"self":[{"href":"https:\/\/liviko.eu\/en\/wp-json\/wp\/v2\/posts\/31373","targetHints":{"allow":["GET"]}}],"collection":[{"href":"https:\/\/liviko.eu\/en\/wp-json\/wp\/v2\/posts"}],"about":[{"href":"https:\/\/liviko.eu\/en\/wp-json\/wp\/v2\/types\/post"}],"author":[{"embeddable":true,"href":"https:\/\/liviko.eu\/en\/wp-json\/wp\/v2\/users\/8"}],"replies":[{"embeddable":true,"href":"https:\/\/liviko.eu\/en\/wp-json\/wp\/v2\/comments?post=31373"}],"version-history":[{"count":3,"href":"https:\/\/liviko.eu\/en\/wp-json\/wp\/v2\/posts\/31373\/revisions"}],"predecessor-version":[{"id":31462,"href":"https:\/\/liviko.eu\/en\/wp-json\/wp\/v2\/posts\/31373\/revisions\/31462"}],"wp:featuredmedia":[{"embeddable":true,"href":"https:\/\/liviko.eu\/en\/wp-json\/wp\/v2\/media\/31327"}],"wp:attachment":[{"href":"https:\/\/liviko.eu\/en\/wp-json\/wp\/v2\/media?parent=31373"}],"wp:term":[{"taxonomy":"category","embeddable":true,"href":"https:\/\/liviko.eu\/en\/wp-json\/wp\/v2\/categories?post=31373"},{"taxonomy":"post_tag","embeddable":true,"href":"https:\/\/liviko.eu\/en\/wp-json\/wp\/v2\/tags?post=31373"},{"taxonomy":"pagrindinis_gerimas","embeddable":true,"href":"https:\/\/liviko.eu\/en\/wp-json\/wp\/v2\/pagrindinis_gerimas?post=31373"},{"taxonomy":"skonis","embeddable":true,"href":"https:\/\/liviko.eu\/en\/wp-json\/wp\/v2\/skonis?post=31373"},{"taxonomy":"prekinis_zenklas","embeddable":true,"href":"https:\/\/liviko.eu\/en\/wp-json\/wp\/v2\/prekinis_zenklas?post=31373"}],"curies":[{"name":"wp","href":"https:\/\/api.w.org\/{rel}","templated":true}]}}