{"id":49817,"date":"2023-08-31T06:23:29","date_gmt":"2023-08-31T06:23:29","guid":{"rendered":"https:\/\/liviko.eu\/?p=49817"},"modified":"2023-08-31T06:23:31","modified_gmt":"2023-08-31T06:23:31","slug":"both-performers-and-audience-dazzled-at-the-vana-tallinn-gala","status":"publish","type":"post","link":"https:\/\/liviko.eu\/en\/both-performers-and-audience-dazzled-at-the-vana-tallinn-gala\/","title":{"rendered":"Both performers and audience dazzled at the Vana Tallinn Gala"},"content":{"rendered":"\n<p><strong>The Vana Tallinn Gala, cherished passionately by opera enthusiasts, once again brought an overflow of culture and glamour to the Estonian National Opera. This event presented performances of timeless opera classics, brought to life by emerging Estonian talents \u2013 young singers who excelled in various competitions last year \u2013 alongside guest soloists from Latvia and Armenia.<\/strong><\/p>\n\n\n\n<p>General Director of the Estonian National Opera, <strong>Ott Maaten<\/strong>, stated, \u201cOn behalf of the National Opera and our entire collective, I would like to extend my heartfelt gratitude to Liviko for their enduring support. Our collaboration has spanned more than ten years, underscoring Liviko\u2019s commitment to fostering professional high culture and contributing to the advancement and prosperity of our national heritage.\u201d<\/p>\n\n\n\n<p>The gala concert showcased exquisite arias and choral performances from the likes of Mozart, Strauss, Rossini, Verdi, Cilea, Bizet and others.<\/p>\n\n\n\n<p>Chief conductor <strong>Arvo Volmer<\/strong> led the orchestra and choir of the Estonian National Opera. Among the soloists were the National Opera\u2019s own soprano <strong>Kadri K\u00f5rvek<\/strong> and tenor <strong>Yixuan Wang<\/strong>. Joining them were guest sopranos <strong>Annabel Soode<\/strong> and mezzo-soprano <strong>Tuuri Dede<\/strong> from Estonia, tenor <strong>Raimonds Bramanis<\/strong> from the Latvian National Opera and soprano <strong>Ani Yorentz<\/strong> from Armenia.<\/p>\n\n\n\n<p>\u201cThe Vana Tallinn Gala, eagerly anticipated by opera enthusiasts, provides a splendid commencement to the opera season every autumn. It was wonderful to be in the company of young talents, to whom we extend our best wishes for their success!\u201d said <strong>Enn Kunila<\/strong>,Chairman of the Board at Liviko AS.<\/p>\n\n\n\n<p>A collaborative effort between Liviko and the Estonian National Opera, the Vana Tallinn Gala stands as Estonia\u2019s longest-running classical music concert. Liviko has been a steadfast pillar of support for the Estonian National Opera since 2012, and the cherished tradition of the Vana Tallinn Gala was established a year later.<\/p>\n\n\n\n<p>Beyond its involvement with the Estonian National Opera, Liviko proudly lends its support to the Estonian Artists\u2019 Association, the Art Museum of Estonia, the Estonian National Symphony Orchestra, Eesti Kontsert, as well as the Estonian Writers\u2019 Union\u2019s novel competition, along with numerous other significant cultural initiatives.<\/p>\n\n\n<div class=\"wp-block-image\">\n<figure class=\"aligncenter size-large\"><img fetchpriority=\"high\" decoding=\"async\" width=\"1366\" height=\"911\" src=\"http:\/\/liviko.eu\/wp-content\/uploads\/2023\/08\/Vana-Tallinna-Gala-2023-Maksim-Toome-5365-1366x911.jpg\" alt=\"\" class=\"wp-image-49717\" srcset=\"https:\/\/liviko.eu\/wp-content\/uploads\/2023\/08\/Vana-Tallinna-Gala-2023-Maksim-Toome-5365-1366x911.jpg 1366w, https:\/\/liviko.eu\/wp-content\/uploads\/2023\/08\/Vana-Tallinna-Gala-2023-Maksim-Toome-5365-920x613.jpg 920w, https:\/\/liviko.eu\/wp-content\/uploads\/2023\/08\/Vana-Tallinna-Gala-2023-Maksim-Toome-5365-768x512.jpg 768w, https:\/\/liviko.eu\/wp-content\/uploads\/2023\/08\/Vana-Tallinna-Gala-2023-Maksim-Toome-5365-1536x1024.jpg 1536w, https:\/\/liviko.eu\/wp-content\/uploads\/2023\/08\/Vana-Tallinna-Gala-2023-Maksim-Toome-5365-2048x1365.jpg 2048w, https:\/\/liviko.eu\/wp-content\/uploads\/2023\/08\/Vana-Tallinna-Gala-2023-Maksim-Toome-5365-480x320.jpg 480w, https:\/\/liviko.eu\/wp-content\/uploads\/2023\/08\/Vana-Tallinna-Gala-2023-Maksim-Toome-5365-905x603.jpg 905w\" sizes=\"(max-width: 1366px) 100vw, 1366px\" \/><figcaption class=\"wp-element-caption\">Photo: Maksim Toome<\/figcaption><\/figure><\/div>\n\n<div class=\"wp-block-image\">\n<figure class=\"aligncenter size-large\"><img decoding=\"async\" width=\"1366\" height=\"911\" src=\"http:\/\/liviko.eu\/wp-content\/uploads\/2023\/08\/Vana-Tallinna-Gala-2023-Maksim-Toome-5329-1366x911.jpg\" alt=\"\" class=\"wp-image-49722\" srcset=\"https:\/\/liviko.eu\/wp-content\/uploads\/2023\/08\/Vana-Tallinna-Gala-2023-Maksim-Toome-5329-1366x911.jpg 1366w, https:\/\/liviko.eu\/wp-content\/uploads\/2023\/08\/Vana-Tallinna-Gala-2023-Maksim-Toome-5329-920x613.jpg 920w, https:\/\/liviko.eu\/wp-content\/uploads\/2023\/08\/Vana-Tallinna-Gala-2023-Maksim-Toome-5329-768x512.jpg 768w, https:\/\/liviko.eu\/wp-content\/uploads\/2023\/08\/Vana-Tallinna-Gala-2023-Maksim-Toome-5329-1536x1024.jpg 1536w, https:\/\/liviko.eu\/wp-content\/uploads\/2023\/08\/Vana-Tallinna-Gala-2023-Maksim-Toome-5329-2048x1365.jpg 2048w, https:\/\/liviko.eu\/wp-content\/uploads\/2023\/08\/Vana-Tallinna-Gala-2023-Maksim-Toome-5329-480x320.jpg 480w, https:\/\/liviko.eu\/wp-content\/uploads\/2023\/08\/Vana-Tallinna-Gala-2023-Maksim-Toome-5329-905x603.jpg 905w\" sizes=\"(max-width: 1366px) 100vw, 1366px\" \/><figcaption class=\"wp-element-caption\">Photo: Maksim Toome<\/figcaption><\/figure><\/div>","protected":false},"excerpt":{"rendered":"<p>The Vana Tallinn Gala, cherished passionately by opera enthusiasts, once again brought an overflow of culture and glamour to the Estonian National Opera. This event presented performances of timeless opera classics, brought to life by emerging Estonian talents \u2013 young&#8230;<\/p>\n","protected":false},"author":8,"featured_media":49710,"comment_status":"closed","ping_status":"closed","sticky":false,"template":"","format":"standard","meta":{"_acf_changed":false,"inline_featured_image":false,"_monsterinsights_skip_tracking":false,"_monsterinsights_sitenote_active":false,"_monsterinsights_sitenote_note":"","_monsterinsights_sitenote_category":0,"footnotes":""},"categories":[1],"tags":[],"pagrindinis_gerimas":[],"skonis":[],"prekinis_zenklas":[],"class_list":["post-49817","post","type-post","status-publish","format-standard","has-post-thumbnail","hentry","category-uncategorized"],"acf":[],"yoast_head":"<!-- This site is optimized with the Yoast SEO plugin v24.0 - https:\/\/yoast.com\/wordpress\/plugins\/seo\/ -->\n<title>Both performers and audience dazzled at the Vana Tallinn Gala - Liviko<\/title>\n<meta name=\"description\" content=\"Liviko on rahvusvaheline kiirelt arenev kvaliteetalkoholi grupp, mis m\u00fc\u00fcb omatooteid 60 turul ja esindab maailma juhtivaid kvaliteetalkoholi br\u00e4nde Baltimaades.\" \/>\n<meta name=\"robots\" content=\"index, follow, max-snippet:-1, max-image-preview:large, max-video-preview:-1\" \/>\n<link rel=\"canonical\" href=\"https:\/\/liviko.eu\/en\/both-performers-and-audience-dazzled-at-the-vana-tallinn-gala\/\" \/>\n<meta property=\"og:locale\" content=\"en_US\" \/>\n<meta property=\"og:type\" content=\"article\" \/>\n<meta property=\"og:title\" content=\"Both performers and audience dazzled at the Vana Tallinn Gala - Liviko\" \/>\n<meta property=\"og:description\" content=\"Liviko on rahvusvaheline kiirelt arenev kvaliteetalkoholi grupp, mis m\u00fc\u00fcb omatooteid 60 turul ja esindab maailma juhtivaid kvaliteetalkoholi br\u00e4nde Baltimaades.\" \/>\n<meta property=\"og:url\" content=\"https:\/\/liviko.eu\/en\/both-performers-and-audience-dazzled-at-the-vana-tallinn-gala\/\" \/>\n<meta property=\"og:site_name\" content=\"Liviko\" \/>\n<meta property=\"article:publisher\" content=\"https:\/\/www.facebook.com\/LivikoDistillery\/\" \/>\n<meta property=\"article:published_time\" content=\"2023-08-31T06:23:29+00:00\" \/>\n<meta property=\"article:modified_time\" content=\"2023-08-31T06:23:31+00:00\" \/>\n<meta property=\"og:image\" content=\"https:\/\/liviko.eu\/wp-content\/uploads\/2023\/08\/800x530.jpg\" \/>\n\t<meta property=\"og:image:width\" content=\"800\" \/>\n\t<meta property=\"og:image:height\" content=\"530\" \/>\n\t<meta property=\"og:image:type\" content=\"image\/jpeg\" \/>\n<meta name=\"author\" content=\"LoretteP\" \/>\n<meta name=\"twitter:card\" content=\"summary_large_image\" \/>\n<meta name=\"twitter:label1\" content=\"Written by\" \/>\n\t<meta name=\"twitter:data1\" content=\"LoretteP\" \/>\n\t<meta name=\"twitter:label2\" content=\"Est. reading time\" \/>\n\t<meta name=\"twitter:data2\" content=\"2 minutes\" \/>\n<script type=\"application\/ld+json\" class=\"yoast-schema-graph\">{\"@context\":\"https:\/\/schema.org\",\"@graph\":[{\"@type\":\"NewsArticle\",\"@id\":\"https:\/\/liviko.eu\/en\/both-performers-and-audience-dazzled-at-the-vana-tallinn-gala\/#article\",\"isPartOf\":{\"@id\":\"https:\/\/liviko.eu\/en\/both-performers-and-audience-dazzled-at-the-vana-tallinn-gala\/\"},\"author\":{\"name\":\"LoretteP\",\"@id\":\"https:\/\/liviko.eu\/en\/#\/schema\/person\/84beb87931ee45abdac800ac4d648280\"},\"headline\":\"Both performers and audience dazzled at the Vana Tallinn Gala\",\"datePublished\":\"2023-08-31T06:23:29+00:00\",\"dateModified\":\"2023-08-31T06:23:31+00:00\",\"mainEntityOfPage\":{\"@id\":\"https:\/\/liviko.eu\/en\/both-performers-and-audience-dazzled-at-the-vana-tallinn-gala\/\"},\"wordCount\":358,\"publisher\":{\"@id\":\"https:\/\/liviko.eu\/en\/#organization\"},\"image\":{\"@id\":\"https:\/\/liviko.eu\/en\/both-performers-and-audience-dazzled-at-the-vana-tallinn-gala\/#primaryimage\"},\"thumbnailUrl\":\"https:\/\/liviko.eu\/wp-content\/uploads\/2023\/08\/800x530.jpg\",\"inLanguage\":\"en-US\"},{\"@type\":\"WebPage\",\"@id\":\"https:\/\/liviko.eu\/en\/both-performers-and-audience-dazzled-at-the-vana-tallinn-gala\/\",\"url\":\"https:\/\/liviko.eu\/en\/both-performers-and-audience-dazzled-at-the-vana-tallinn-gala\/\",\"name\":\"Both performers and audience dazzled at the Vana Tallinn Gala - Liviko\",\"isPartOf\":{\"@id\":\"https:\/\/liviko.eu\/en\/#website\"},\"primaryImageOfPage\":{\"@id\":\"https:\/\/liviko.eu\/en\/both-performers-and-audience-dazzled-at-the-vana-tallinn-gala\/#primaryimage\"},\"image\":{\"@id\":\"https:\/\/liviko.eu\/en\/both-performers-and-audience-dazzled-at-the-vana-tallinn-gala\/#primaryimage\"},\"thumbnailUrl\":\"https:\/\/liviko.eu\/wp-content\/uploads\/2023\/08\/800x530.jpg\",\"datePublished\":\"2023-08-31T06:23:29+00:00\",\"dateModified\":\"2023-08-31T06:23:31+00:00\",\"description\":\"Liviko on rahvusvaheline kiirelt arenev kvaliteetalkoholi grupp, mis m\u00fc\u00fcb omatooteid 60 turul ja esindab maailma juhtivaid kvaliteetalkoholi br\u00e4nde Baltimaades.\",\"breadcrumb\":{\"@id\":\"https:\/\/liviko.eu\/en\/both-performers-and-audience-dazzled-at-the-vana-tallinn-gala\/#breadcrumb\"},\"inLanguage\":\"en-US\",\"potentialAction\":[{\"@type\":\"ReadAction\",\"target\":[\"https:\/\/liviko.eu\/en\/both-performers-and-audience-dazzled-at-the-vana-tallinn-gala\/\"]}]},{\"@type\":\"ImageObject\",\"inLanguage\":\"en-US\",\"@id\":\"https:\/\/liviko.eu\/en\/both-performers-and-audience-dazzled-at-the-vana-tallinn-gala\/#primaryimage\",\"url\":\"https:\/\/liviko.eu\/wp-content\/uploads\/2023\/08\/800x530.jpg\",\"contentUrl\":\"https:\/\/liviko.eu\/wp-content\/uploads\/2023\/08\/800x530.jpg\",\"width\":800,\"height\":530},{\"@type\":\"BreadcrumbList\",\"@id\":\"https:\/\/liviko.eu\/en\/both-performers-and-audience-dazzled-at-the-vana-tallinn-gala\/#breadcrumb\",\"itemListElement\":[{\"@type\":\"ListItem\",\"position\":1,\"name\":\"Home\",\"item\":\"https:\/\/liviko.eu\/en\/\"},{\"@type\":\"ListItem\",\"position\":2,\"name\":\"Both performers and audience dazzled at the Vana Tallinn Gala\"}]},{\"@type\":\"WebSite\",\"@id\":\"https:\/\/liviko.eu\/en\/#website\",\"url\":\"https:\/\/liviko.eu\/en\/\",\"name\":\"Liviko\",\"description\":\"anno 1898\",\"publisher\":{\"@id\":\"https:\/\/liviko.eu\/en\/#organization\"},\"potentialAction\":[{\"@type\":\"SearchAction\",\"target\":{\"@type\":\"EntryPoint\",\"urlTemplate\":\"https:\/\/liviko.eu\/en\/?s={search_term_string}\"},\"query-input\":{\"@type\":\"PropertyValueSpecification\",\"valueRequired\":true,\"valueName\":\"search_term_string\"}}],\"inLanguage\":\"en-US\"},{\"@type\":\"Organization\",\"@id\":\"https:\/\/liviko.eu\/en\/#organization\",\"name\":\"Liviko\",\"url\":\"https:\/\/liviko.eu\/en\/\",\"logo\":{\"@type\":\"ImageObject\",\"inLanguage\":\"en-US\",\"@id\":\"https:\/\/liviko.eu\/en\/#\/schema\/logo\/image\/\",\"url\":\"https:\/\/liviko.eu\/wp-content\/uploads\/2020\/10\/liviko_logo.png\",\"contentUrl\":\"https:\/\/liviko.eu\/wp-content\/uploads\/2020\/10\/liviko_logo.png\",\"width\":515,\"height\":181,\"caption\":\"Liviko\"},\"image\":{\"@id\":\"https:\/\/liviko.eu\/en\/#\/schema\/logo\/image\/\"},\"sameAs\":[\"https:\/\/www.facebook.com\/LivikoDistillery\/\",\"https:\/\/www.instagram.com\/livikodistillery\",\"https:\/\/www.linkedin.com\/company\/liviko\/\",\"https:\/\/www.youtube.com\/channel\/UCnoHr-PaNxBHJO8nMDLVGuA\"]},{\"@type\":\"Person\",\"@id\":\"https:\/\/liviko.eu\/en\/#\/schema\/person\/84beb87931ee45abdac800ac4d648280\",\"name\":\"LoretteP\",\"image\":{\"@type\":\"ImageObject\",\"inLanguage\":\"en-US\",\"@id\":\"https:\/\/liviko.eu\/en\/#\/schema\/person\/image\/\",\"url\":\"https:\/\/secure.gravatar.com\/avatar\/c04e319e034c56e70253aa1390c527b7?s=96&d=mm&r=g\",\"contentUrl\":\"https:\/\/secure.gravatar.com\/avatar\/c04e319e034c56e70253aa1390c527b7?s=96&d=mm&r=g\",\"caption\":\"LoretteP\"}}]}<\/script>\n<!-- \/ Yoast SEO plugin. -->","yoast_head_json":{"title":"Both performers and audience dazzled at the Vana Tallinn Gala - Liviko","description":"Liviko on rahvusvaheline kiirelt arenev kvaliteetalkoholi grupp, mis m\u00fc\u00fcb omatooteid 60 turul ja esindab maailma juhtivaid kvaliteetalkoholi br\u00e4nde Baltimaades.","robots":{"index":"index","follow":"follow","max-snippet":"max-snippet:-1","max-image-preview":"max-image-preview:large","max-video-preview":"max-video-preview:-1"},"canonical":"https:\/\/liviko.eu\/en\/both-performers-and-audience-dazzled-at-the-vana-tallinn-gala\/","og_locale":"en_US","og_type":"article","og_title":"Both performers and audience dazzled at the Vana Tallinn Gala - Liviko","og_description":"Liviko on rahvusvaheline kiirelt arenev kvaliteetalkoholi grupp, mis m\u00fc\u00fcb omatooteid 60 turul ja esindab maailma juhtivaid kvaliteetalkoholi br\u00e4nde Baltimaades.","og_url":"https:\/\/liviko.eu\/en\/both-performers-and-audience-dazzled-at-the-vana-tallinn-gala\/","og_site_name":"Liviko","article_publisher":"https:\/\/www.facebook.com\/LivikoDistillery\/","article_published_time":"2023-08-31T06:23:29+00:00","article_modified_time":"2023-08-31T06:23:31+00:00","og_image":[{"width":800,"height":530,"url":"https:\/\/liviko.eu\/wp-content\/uploads\/2023\/08\/800x530.jpg","type":"image\/jpeg"}],"author":"LoretteP","twitter_card":"summary_large_image","twitter_misc":{"Written by":"LoretteP","Est. reading time":"2 minutes"},"schema":{"@context":"https:\/\/schema.org","@graph":[{"@type":"NewsArticle","@id":"https:\/\/liviko.eu\/en\/both-performers-and-audience-dazzled-at-the-vana-tallinn-gala\/#article","isPartOf":{"@id":"https:\/\/liviko.eu\/en\/both-performers-and-audience-dazzled-at-the-vana-tallinn-gala\/"},"author":{"name":"LoretteP","@id":"https:\/\/liviko.eu\/en\/#\/schema\/person\/84beb87931ee45abdac800ac4d648280"},"headline":"Both performers and audience dazzled at the Vana Tallinn Gala","datePublished":"2023-08-31T06:23:29+00:00","dateModified":"2023-08-31T06:23:31+00:00","mainEntityOfPage":{"@id":"https:\/\/liviko.eu\/en\/both-performers-and-audience-dazzled-at-the-vana-tallinn-gala\/"},"wordCount":358,"publisher":{"@id":"https:\/\/liviko.eu\/en\/#organization"},"image":{"@id":"https:\/\/liviko.eu\/en\/both-performers-and-audience-dazzled-at-the-vana-tallinn-gala\/#primaryimage"},"thumbnailUrl":"https:\/\/liviko.eu\/wp-content\/uploads\/2023\/08\/800x530.jpg","inLanguage":"en-US"},{"@type":"WebPage","@id":"https:\/\/liviko.eu\/en\/both-performers-and-audience-dazzled-at-the-vana-tallinn-gala\/","url":"https:\/\/liviko.eu\/en\/both-performers-and-audience-dazzled-at-the-vana-tallinn-gala\/","name":"Both performers and audience dazzled at the Vana Tallinn Gala - Liviko","isPartOf":{"@id":"https:\/\/liviko.eu\/en\/#website"},"primaryImageOfPage":{"@id":"https:\/\/liviko.eu\/en\/both-performers-and-audience-dazzled-at-the-vana-tallinn-gala\/#primaryimage"},"image":{"@id":"https:\/\/liviko.eu\/en\/both-performers-and-audience-dazzled-at-the-vana-tallinn-gala\/#primaryimage"},"thumbnailUrl":"https:\/\/liviko.eu\/wp-content\/uploads\/2023\/08\/800x530.jpg","datePublished":"2023-08-31T06:23:29+00:00","dateModified":"2023-08-31T06:23:31+00:00","description":"Liviko on rahvusvaheline kiirelt arenev kvaliteetalkoholi grupp, mis m\u00fc\u00fcb omatooteid 60 turul ja esindab maailma juhtivaid kvaliteetalkoholi br\u00e4nde Baltimaades.","breadcrumb":{"@id":"https:\/\/liviko.eu\/en\/both-performers-and-audience-dazzled-at-the-vana-tallinn-gala\/#breadcrumb"},"inLanguage":"en-US","potentialAction":[{"@type":"ReadAction","target":["https:\/\/liviko.eu\/en\/both-performers-and-audience-dazzled-at-the-vana-tallinn-gala\/"]}]},{"@type":"ImageObject","inLanguage":"en-US","@id":"https:\/\/liviko.eu\/en\/both-performers-and-audience-dazzled-at-the-vana-tallinn-gala\/#primaryimage","url":"https:\/\/liviko.eu\/wp-content\/uploads\/2023\/08\/800x530.jpg","contentUrl":"https:\/\/liviko.eu\/wp-content\/uploads\/2023\/08\/800x530.jpg","width":800,"height":530},{"@type":"BreadcrumbList","@id":"https:\/\/liviko.eu\/en\/both-performers-and-audience-dazzled-at-the-vana-tallinn-gala\/#breadcrumb","itemListElement":[{"@type":"ListItem","position":1,"name":"Home","item":"https:\/\/liviko.eu\/en\/"},{"@type":"ListItem","position":2,"name":"Both performers and audience dazzled at the Vana Tallinn Gala"}]},{"@type":"WebSite","@id":"https:\/\/liviko.eu\/en\/#website","url":"https:\/\/liviko.eu\/en\/","name":"Liviko","description":"anno 1898","publisher":{"@id":"https:\/\/liviko.eu\/en\/#organization"},"potentialAction":[{"@type":"SearchAction","target":{"@type":"EntryPoint","urlTemplate":"https:\/\/liviko.eu\/en\/?s={search_term_string}"},"query-input":{"@type":"PropertyValueSpecification","valueRequired":true,"valueName":"search_term_string"}}],"inLanguage":"en-US"},{"@type":"Organization","@id":"https:\/\/liviko.eu\/en\/#organization","name":"Liviko","url":"https:\/\/liviko.eu\/en\/","logo":{"@type":"ImageObject","inLanguage":"en-US","@id":"https:\/\/liviko.eu\/en\/#\/schema\/logo\/image\/","url":"https:\/\/liviko.eu\/wp-content\/uploads\/2020\/10\/liviko_logo.png","contentUrl":"https:\/\/liviko.eu\/wp-content\/uploads\/2020\/10\/liviko_logo.png","width":515,"height":181,"caption":"Liviko"},"image":{"@id":"https:\/\/liviko.eu\/en\/#\/schema\/logo\/image\/"},"sameAs":["https:\/\/www.facebook.com\/LivikoDistillery\/","https:\/\/www.instagram.com\/livikodistillery","https:\/\/www.linkedin.com\/company\/liviko\/","https:\/\/www.youtube.com\/channel\/UCnoHr-PaNxBHJO8nMDLVGuA"]},{"@type":"Person","@id":"https:\/\/liviko.eu\/en\/#\/schema\/person\/84beb87931ee45abdac800ac4d648280","name":"LoretteP","image":{"@type":"ImageObject","inLanguage":"en-US","@id":"https:\/\/liviko.eu\/en\/#\/schema\/person\/image\/","url":"https:\/\/secure.gravatar.com\/avatar\/c04e319e034c56e70253aa1390c527b7?s=96&d=mm&r=g","contentUrl":"https:\/\/secure.gravatar.com\/avatar\/c04e319e034c56e70253aa1390c527b7?s=96&d=mm&r=g","caption":"LoretteP"}}]}},"_links":{"self":[{"href":"https:\/\/liviko.eu\/en\/wp-json\/wp\/v2\/posts\/49817","targetHints":{"allow":["GET"]}}],"collection":[{"href":"https:\/\/liviko.eu\/en\/wp-json\/wp\/v2\/posts"}],"about":[{"href":"https:\/\/liviko.eu\/en\/wp-json\/wp\/v2\/types\/post"}],"author":[{"embeddable":true,"href":"https:\/\/liviko.eu\/en\/wp-json\/wp\/v2\/users\/8"}],"replies":[{"embeddable":true,"href":"https:\/\/liviko.eu\/en\/wp-json\/wp\/v2\/comments?post=49817"}],"version-history":[{"count":1,"href":"https:\/\/liviko.eu\/en\/wp-json\/wp\/v2\/posts\/49817\/revisions"}],"predecessor-version":[{"id":49818,"href":"https:\/\/liviko.eu\/en\/wp-json\/wp\/v2\/posts\/49817\/revisions\/49818"}],"wp:featuredmedia":[{"embeddable":true,"href":"https:\/\/liviko.eu\/en\/wp-json\/wp\/v2\/media\/49710"}],"wp:attachment":[{"href":"https:\/\/liviko.eu\/en\/wp-json\/wp\/v2\/media?parent=49817"}],"wp:term":[{"taxonomy":"category","embeddable":true,"href":"https:\/\/liviko.eu\/en\/wp-json\/wp\/v2\/categories?post=49817"},{"taxonomy":"post_tag","embeddable":true,"href":"https:\/\/liviko.eu\/en\/wp-json\/wp\/v2\/tags?post=49817"},{"taxonomy":"pagrindinis_gerimas","embeddable":true,"href":"https:\/\/liviko.eu\/en\/wp-json\/wp\/v2\/pagrindinis_gerimas?post=49817"},{"taxonomy":"skonis","embeddable":true,"href":"https:\/\/liviko.eu\/en\/wp-json\/wp\/v2\/skonis?post=49817"},{"taxonomy":"prekinis_zenklas","embeddable":true,"href":"https:\/\/liviko.eu\/en\/wp-json\/wp\/v2\/prekinis_zenklas?post=49817"}],"curies":[{"name":"wp","href":"https:\/\/api.w.org\/{rel}","templated":true}]}}