{"id":9178,"date":"2017-09-01T15:27:53","date_gmt":"2017-09-01T12:27:53","guid":{"rendered":"http:\/\/liviko.ee\/?p=9178\/"},"modified":"2017-09-01T15:27:53","modified_gmt":"2017-09-01T12:27:53","slug":"112th-season-estonian-national-opera-opened-vana-tallinn-gala","status":"publish","type":"post","link":"https:\/\/liviko.eu\/en\/112th-season-estonian-national-opera-opened-vana-tallinn-gala\/","title":{"rendered":"The 112th season of Estonian National Opera opened with the Vana Tallinn Gala"},"content":{"rendered":"<p>The brightest stars of Estonian and international opera enchanted the audience at the Vana Tallinn Gala. The audience welcomed warmly guest soprano Francesca Sorteni and tenor Luc Roberti from Italy and bass Oleg Budaratski from Russia. Classical music lovers were delighted with the spectacular performance given by our own opera stars soprano Heli Veskus, mezzosoprano Helen Lokuta and baritone Jassi Zahharov.<\/p>\n<p>The Estonian National Opera choir and orchestra conducted by Vello P\u00e4hn also participated at the gala. They performed music from operas by world famous composers such as Verdi, Puccini, Tchaikovsky, Bizet and Strauss.<\/p>\n<p>The Vana Tallinn Gala has developed into an eagerly anticipated musical event among opera lovers, and it is organised by Estonian National Opera with Liviko as the main sponsor for the fifth year running. Music lovers from South Estonia also got to enjoy the Vana Tallinn Gala with world-class opera classics performed on the stage of Vanemuine.<\/p>\n<p>Besides supporting Estonian National Opera, AS Liviko promotes Estonian culture by sponsoring the Estonian Art Museum, Estonian Writers\u2019 Union Novel Competition and other cultural events.<\/p>\n<p>Gallery: <a href=\"https:\/\/www.dropbox.com\/sh\/5a3npues3ftatxw\/AACp0QSLcPJwjZq19gawFpCza?dl=0\">https:\/\/www.dropbox.com\/sh\/5a3npues3ftatxw\/AACp0QSLcPJwjZq19gawFpCza?dl=0<\/a><br \/>\nPhotographer: R\u00fcnno Lahesoo<\/p>\n<img fetchpriority=\"high\" decoding=\"async\" class=\"aligncenter wp-image-9167 size-large\" src=\"http:\/\/liviko.eu\/wp-content\/uploads\/2020\/09\/20170826_VanaTallinnaGala_8538-1024x686.jpg\" alt=\"\" width=\"1024\" height=\"686\" \/>\n","protected":false},"excerpt":{"rendered":"<p>The brightest stars of Estonian and international opera enchanted the audience at the Vana Tallinn Gala. The audience welcomed warmly guest soprano Francesca Sorteni and tenor Luc Roberti from Italy and bass Oleg Budaratski from Russia. Classical music lovers were&#8230;<\/p>\n","protected":false},"author":1,"featured_media":9181,"comment_status":"open","ping_status":"open","sticky":false,"template":"","format":"standard","meta":{"_acf_changed":false,"inline_featured_image":false,"_monsterinsights_skip_tracking":false,"_monsterinsights_sitenote_active":false,"_monsterinsights_sitenote_note":"","_monsterinsights_sitenote_category":0,"footnotes":""},"categories":[79],"tags":[],"pagrindinis_gerimas":[],"skonis":[],"prekinis_zenklas":[],"class_list":["post-9178","post","type-post","status-publish","format-standard","has-post-thumbnail","hentry","category-news"],"acf":[],"yoast_head":"<!-- This site is optimized with the Yoast SEO plugin v24.0 - https:\/\/yoast.com\/wordpress\/plugins\/seo\/ -->\n<title>The 112th season of Estonian National Opera opened with the Vana Tallinn Gala - Liviko<\/title>\n<meta name=\"description\" content=\"Liviko on rahvusvaheline kiirelt arenev kvaliteetalkoholi grupp, mis m\u00fc\u00fcb omatooteid 60 turul ja esindab maailma juhtivaid kvaliteetalkoholi br\u00e4nde Baltimaades.\" \/>\n<meta name=\"robots\" content=\"index, follow, max-snippet:-1, max-image-preview:large, max-video-preview:-1\" \/>\n<link rel=\"canonical\" href=\"https:\/\/liviko.eu\/en\/112th-season-estonian-national-opera-opened-vana-tallinn-gala\/\" \/>\n<meta property=\"og:locale\" content=\"en_US\" \/>\n<meta property=\"og:type\" content=\"article\" \/>\n<meta property=\"og:title\" content=\"The 112th season of Estonian National Opera opened with the Vana Tallinn Gala - Liviko\" \/>\n<meta property=\"og:description\" content=\"Liviko on rahvusvaheline kiirelt arenev kvaliteetalkoholi grupp, mis m\u00fc\u00fcb omatooteid 60 turul ja esindab maailma juhtivaid kvaliteetalkoholi br\u00e4nde Baltimaades.\" \/>\n<meta property=\"og:url\" content=\"https:\/\/liviko.eu\/en\/112th-season-estonian-national-opera-opened-vana-tallinn-gala\/\" \/>\n<meta property=\"og:site_name\" content=\"Liviko\" \/>\n<meta property=\"article:publisher\" content=\"https:\/\/www.facebook.com\/LivikoDistillery\/\" \/>\n<meta property=\"article:published_time\" content=\"2017-09-01T12:27:53+00:00\" \/>\n<meta name=\"author\" content=\"dev-liviko\" \/>\n<meta name=\"twitter:card\" content=\"summary_large_image\" \/>\n<meta name=\"twitter:label1\" content=\"Written by\" \/>\n\t<meta name=\"twitter:data1\" content=\"dev-liviko\" \/>\n\t<meta name=\"twitter:label2\" content=\"Est. reading time\" \/>\n\t<meta name=\"twitter:data2\" content=\"1 minute\" \/>\n<script type=\"application\/ld+json\" class=\"yoast-schema-graph\">{\"@context\":\"https:\/\/schema.org\",\"@graph\":[{\"@type\":\"NewsArticle\",\"@id\":\"https:\/\/liviko.eu\/en\/112th-season-estonian-national-opera-opened-vana-tallinn-gala\/#article\",\"isPartOf\":{\"@id\":\"https:\/\/liviko.eu\/en\/112th-season-estonian-national-opera-opened-vana-tallinn-gala\/\"},\"author\":{\"name\":\"dev-liviko\",\"@id\":\"https:\/\/liviko.eu\/en\/#\/schema\/person\/c0122d6dd8658e8470f0204c566ede58\"},\"headline\":\"The 112th season of Estonian National Opera opened with the Vana Tallinn Gala\",\"datePublished\":\"2017-09-01T12:27:53+00:00\",\"dateModified\":\"2017-09-01T12:27:53+00:00\",\"mainEntityOfPage\":{\"@id\":\"https:\/\/liviko.eu\/en\/112th-season-estonian-national-opera-opened-vana-tallinn-gala\/\"},\"wordCount\":207,\"commentCount\":0,\"publisher\":{\"@id\":\"https:\/\/liviko.eu\/en\/#organization\"},\"image\":{\"@id\":\"https:\/\/liviko.eu\/en\/112th-season-estonian-national-opera-opened-vana-tallinn-gala\/#primaryimage\"},\"thumbnailUrl\":\"\",\"articleSection\":[\"News\"],\"inLanguage\":\"en-US\"},{\"@type\":\"WebPage\",\"@id\":\"https:\/\/liviko.eu\/en\/112th-season-estonian-national-opera-opened-vana-tallinn-gala\/\",\"url\":\"https:\/\/liviko.eu\/en\/112th-season-estonian-national-opera-opened-vana-tallinn-gala\/\",\"name\":\"The 112th season of Estonian National Opera opened with the Vana Tallinn Gala - Liviko\",\"isPartOf\":{\"@id\":\"https:\/\/liviko.eu\/en\/#website\"},\"primaryImageOfPage\":{\"@id\":\"https:\/\/liviko.eu\/en\/112th-season-estonian-national-opera-opened-vana-tallinn-gala\/#primaryimage\"},\"image\":{\"@id\":\"https:\/\/liviko.eu\/en\/112th-season-estonian-national-opera-opened-vana-tallinn-gala\/#primaryimage\"},\"thumbnailUrl\":\"\",\"datePublished\":\"2017-09-01T12:27:53+00:00\",\"dateModified\":\"2017-09-01T12:27:53+00:00\",\"description\":\"Liviko on rahvusvaheline kiirelt arenev kvaliteetalkoholi grupp, mis m\u00fc\u00fcb omatooteid 60 turul ja esindab maailma juhtivaid kvaliteetalkoholi br\u00e4nde Baltimaades.\",\"breadcrumb\":{\"@id\":\"https:\/\/liviko.eu\/en\/112th-season-estonian-national-opera-opened-vana-tallinn-gala\/#breadcrumb\"},\"inLanguage\":\"en-US\",\"potentialAction\":[{\"@type\":\"ReadAction\",\"target\":[\"https:\/\/liviko.eu\/en\/112th-season-estonian-national-opera-opened-vana-tallinn-gala\/\"]}]},{\"@type\":\"ImageObject\",\"inLanguage\":\"en-US\",\"@id\":\"https:\/\/liviko.eu\/en\/112th-season-estonian-national-opera-opened-vana-tallinn-gala\/#primaryimage\",\"url\":\"\",\"contentUrl\":\"\"},{\"@type\":\"BreadcrumbList\",\"@id\":\"https:\/\/liviko.eu\/en\/112th-season-estonian-national-opera-opened-vana-tallinn-gala\/#breadcrumb\",\"itemListElement\":[{\"@type\":\"ListItem\",\"position\":1,\"name\":\"Home\",\"item\":\"https:\/\/liviko.eu\/en\/\"},{\"@type\":\"ListItem\",\"position\":2,\"name\":\"The 112th season of Estonian National Opera opened with the Vana Tallinn Gala\"}]},{\"@type\":\"WebSite\",\"@id\":\"https:\/\/liviko.eu\/en\/#website\",\"url\":\"https:\/\/liviko.eu\/en\/\",\"name\":\"Liviko\",\"description\":\"anno 1898\",\"publisher\":{\"@id\":\"https:\/\/liviko.eu\/en\/#organization\"},\"potentialAction\":[{\"@type\":\"SearchAction\",\"target\":{\"@type\":\"EntryPoint\",\"urlTemplate\":\"https:\/\/liviko.eu\/en\/?s={search_term_string}\"},\"query-input\":{\"@type\":\"PropertyValueSpecification\",\"valueRequired\":true,\"valueName\":\"search_term_string\"}}],\"inLanguage\":\"en-US\"},{\"@type\":\"Organization\",\"@id\":\"https:\/\/liviko.eu\/en\/#organization\",\"name\":\"Liviko\",\"url\":\"https:\/\/liviko.eu\/en\/\",\"logo\":{\"@type\":\"ImageObject\",\"inLanguage\":\"en-US\",\"@id\":\"https:\/\/liviko.eu\/en\/#\/schema\/logo\/image\/\",\"url\":\"https:\/\/liviko.eu\/wp-content\/uploads\/2020\/10\/liviko_logo.png\",\"contentUrl\":\"https:\/\/liviko.eu\/wp-content\/uploads\/2020\/10\/liviko_logo.png\",\"width\":515,\"height\":181,\"caption\":\"Liviko\"},\"image\":{\"@id\":\"https:\/\/liviko.eu\/en\/#\/schema\/logo\/image\/\"},\"sameAs\":[\"https:\/\/www.facebook.com\/LivikoDistillery\/\",\"https:\/\/www.instagram.com\/livikodistillery\",\"https:\/\/www.linkedin.com\/company\/liviko\/\",\"https:\/\/www.youtube.com\/channel\/UCnoHr-PaNxBHJO8nMDLVGuA\"]},{\"@type\":\"Person\",\"@id\":\"https:\/\/liviko.eu\/en\/#\/schema\/person\/c0122d6dd8658e8470f0204c566ede58\",\"name\":\"dev-liviko\",\"image\":{\"@type\":\"ImageObject\",\"inLanguage\":\"en-US\",\"@id\":\"https:\/\/liviko.eu\/en\/#\/schema\/person\/image\/\",\"url\":\"https:\/\/secure.gravatar.com\/avatar\/dae4581cbd6cac9bcf00461fb2d85cc3?s=96&d=mm&r=g\",\"contentUrl\":\"https:\/\/secure.gravatar.com\/avatar\/dae4581cbd6cac9bcf00461fb2d85cc3?s=96&d=mm&r=g\",\"caption\":\"dev-liviko\"},\"sameAs\":[\"http:\/\/liviko.eu\"]}]}<\/script>\n<!-- \/ Yoast SEO plugin. -->","yoast_head_json":{"title":"The 112th season of Estonian National Opera opened with the Vana Tallinn Gala - Liviko","description":"Liviko on rahvusvaheline kiirelt arenev kvaliteetalkoholi grupp, mis m\u00fc\u00fcb omatooteid 60 turul ja esindab maailma juhtivaid kvaliteetalkoholi br\u00e4nde Baltimaades.","robots":{"index":"index","follow":"follow","max-snippet":"max-snippet:-1","max-image-preview":"max-image-preview:large","max-video-preview":"max-video-preview:-1"},"canonical":"https:\/\/liviko.eu\/en\/112th-season-estonian-national-opera-opened-vana-tallinn-gala\/","og_locale":"en_US","og_type":"article","og_title":"The 112th season of Estonian National Opera opened with the Vana Tallinn Gala - Liviko","og_description":"Liviko on rahvusvaheline kiirelt arenev kvaliteetalkoholi grupp, mis m\u00fc\u00fcb omatooteid 60 turul ja esindab maailma juhtivaid kvaliteetalkoholi br\u00e4nde Baltimaades.","og_url":"https:\/\/liviko.eu\/en\/112th-season-estonian-national-opera-opened-vana-tallinn-gala\/","og_site_name":"Liviko","article_publisher":"https:\/\/www.facebook.com\/LivikoDistillery\/","article_published_time":"2017-09-01T12:27:53+00:00","author":"dev-liviko","twitter_card":"summary_large_image","twitter_misc":{"Written by":"dev-liviko","Est. reading time":"1 minute"},"schema":{"@context":"https:\/\/schema.org","@graph":[{"@type":"NewsArticle","@id":"https:\/\/liviko.eu\/en\/112th-season-estonian-national-opera-opened-vana-tallinn-gala\/#article","isPartOf":{"@id":"https:\/\/liviko.eu\/en\/112th-season-estonian-national-opera-opened-vana-tallinn-gala\/"},"author":{"name":"dev-liviko","@id":"https:\/\/liviko.eu\/en\/#\/schema\/person\/c0122d6dd8658e8470f0204c566ede58"},"headline":"The 112th season of Estonian National Opera opened with the Vana Tallinn Gala","datePublished":"2017-09-01T12:27:53+00:00","dateModified":"2017-09-01T12:27:53+00:00","mainEntityOfPage":{"@id":"https:\/\/liviko.eu\/en\/112th-season-estonian-national-opera-opened-vana-tallinn-gala\/"},"wordCount":207,"commentCount":0,"publisher":{"@id":"https:\/\/liviko.eu\/en\/#organization"},"image":{"@id":"https:\/\/liviko.eu\/en\/112th-season-estonian-national-opera-opened-vana-tallinn-gala\/#primaryimage"},"thumbnailUrl":"","articleSection":["News"],"inLanguage":"en-US"},{"@type":"WebPage","@id":"https:\/\/liviko.eu\/en\/112th-season-estonian-national-opera-opened-vana-tallinn-gala\/","url":"https:\/\/liviko.eu\/en\/112th-season-estonian-national-opera-opened-vana-tallinn-gala\/","name":"The 112th season of Estonian National Opera opened with the Vana Tallinn Gala - Liviko","isPartOf":{"@id":"https:\/\/liviko.eu\/en\/#website"},"primaryImageOfPage":{"@id":"https:\/\/liviko.eu\/en\/112th-season-estonian-national-opera-opened-vana-tallinn-gala\/#primaryimage"},"image":{"@id":"https:\/\/liviko.eu\/en\/112th-season-estonian-national-opera-opened-vana-tallinn-gala\/#primaryimage"},"thumbnailUrl":"","datePublished":"2017-09-01T12:27:53+00:00","dateModified":"2017-09-01T12:27:53+00:00","description":"Liviko on rahvusvaheline kiirelt arenev kvaliteetalkoholi grupp, mis m\u00fc\u00fcb omatooteid 60 turul ja esindab maailma juhtivaid kvaliteetalkoholi br\u00e4nde Baltimaades.","breadcrumb":{"@id":"https:\/\/liviko.eu\/en\/112th-season-estonian-national-opera-opened-vana-tallinn-gala\/#breadcrumb"},"inLanguage":"en-US","potentialAction":[{"@type":"ReadAction","target":["https:\/\/liviko.eu\/en\/112th-season-estonian-national-opera-opened-vana-tallinn-gala\/"]}]},{"@type":"ImageObject","inLanguage":"en-US","@id":"https:\/\/liviko.eu\/en\/112th-season-estonian-national-opera-opened-vana-tallinn-gala\/#primaryimage","url":"","contentUrl":""},{"@type":"BreadcrumbList","@id":"https:\/\/liviko.eu\/en\/112th-season-estonian-national-opera-opened-vana-tallinn-gala\/#breadcrumb","itemListElement":[{"@type":"ListItem","position":1,"name":"Home","item":"https:\/\/liviko.eu\/en\/"},{"@type":"ListItem","position":2,"name":"The 112th season of Estonian National Opera opened with the Vana Tallinn Gala"}]},{"@type":"WebSite","@id":"https:\/\/liviko.eu\/en\/#website","url":"https:\/\/liviko.eu\/en\/","name":"Liviko","description":"anno 1898","publisher":{"@id":"https:\/\/liviko.eu\/en\/#organization"},"potentialAction":[{"@type":"SearchAction","target":{"@type":"EntryPoint","urlTemplate":"https:\/\/liviko.eu\/en\/?s={search_term_string}"},"query-input":{"@type":"PropertyValueSpecification","valueRequired":true,"valueName":"search_term_string"}}],"inLanguage":"en-US"},{"@type":"Organization","@id":"https:\/\/liviko.eu\/en\/#organization","name":"Liviko","url":"https:\/\/liviko.eu\/en\/","logo":{"@type":"ImageObject","inLanguage":"en-US","@id":"https:\/\/liviko.eu\/en\/#\/schema\/logo\/image\/","url":"https:\/\/liviko.eu\/wp-content\/uploads\/2020\/10\/liviko_logo.png","contentUrl":"https:\/\/liviko.eu\/wp-content\/uploads\/2020\/10\/liviko_logo.png","width":515,"height":181,"caption":"Liviko"},"image":{"@id":"https:\/\/liviko.eu\/en\/#\/schema\/logo\/image\/"},"sameAs":["https:\/\/www.facebook.com\/LivikoDistillery\/","https:\/\/www.instagram.com\/livikodistillery","https:\/\/www.linkedin.com\/company\/liviko\/","https:\/\/www.youtube.com\/channel\/UCnoHr-PaNxBHJO8nMDLVGuA"]},{"@type":"Person","@id":"https:\/\/liviko.eu\/en\/#\/schema\/person\/c0122d6dd8658e8470f0204c566ede58","name":"dev-liviko","image":{"@type":"ImageObject","inLanguage":"en-US","@id":"https:\/\/liviko.eu\/en\/#\/schema\/person\/image\/","url":"https:\/\/secure.gravatar.com\/avatar\/dae4581cbd6cac9bcf00461fb2d85cc3?s=96&d=mm&r=g","contentUrl":"https:\/\/secure.gravatar.com\/avatar\/dae4581cbd6cac9bcf00461fb2d85cc3?s=96&d=mm&r=g","caption":"dev-liviko"},"sameAs":["http:\/\/liviko.eu"]}]}},"_links":{"self":[{"href":"https:\/\/liviko.eu\/en\/wp-json\/wp\/v2\/posts\/9178","targetHints":{"allow":["GET"]}}],"collection":[{"href":"https:\/\/liviko.eu\/en\/wp-json\/wp\/v2\/posts"}],"about":[{"href":"https:\/\/liviko.eu\/en\/wp-json\/wp\/v2\/types\/post"}],"author":[{"embeddable":true,"href":"https:\/\/liviko.eu\/en\/wp-json\/wp\/v2\/users\/1"}],"replies":[{"embeddable":true,"href":"https:\/\/liviko.eu\/en\/wp-json\/wp\/v2\/comments?post=9178"}],"version-history":[{"count":0,"href":"https:\/\/liviko.eu\/en\/wp-json\/wp\/v2\/posts\/9178\/revisions"}],"wp:featuredmedia":[{"embeddable":true,"href":"https:\/\/liviko.eu\/en\/wp-json\/"}],"wp:attachment":[{"href":"https:\/\/liviko.eu\/en\/wp-json\/wp\/v2\/media?parent=9178"}],"wp:term":[{"taxonomy":"category","embeddable":true,"href":"https:\/\/liviko.eu\/en\/wp-json\/wp\/v2\/categories?post=9178"},{"taxonomy":"post_tag","embeddable":true,"href":"https:\/\/liviko.eu\/en\/wp-json\/wp\/v2\/tags?post=9178"},{"taxonomy":"pagrindinis_gerimas","embeddable":true,"href":"https:\/\/liviko.eu\/en\/wp-json\/wp\/v2\/pagrindinis_gerimas?post=9178"},{"taxonomy":"skonis","embeddable":true,"href":"https:\/\/liviko.eu\/en\/wp-json\/wp\/v2\/skonis?post=9178"},{"taxonomy":"prekinis_zenklas","embeddable":true,"href":"https:\/\/liviko.eu\/en\/wp-json\/wp\/v2\/prekinis_zenklas?post=9178"}],"curies":[{"name":"wp","href":"https:\/\/api.w.org\/{rel}","templated":true}]}}