{"id":26955,"date":"2021-08-31T07:48:31","date_gmt":"2021-08-31T07:48:31","guid":{"rendered":"https:\/\/liviko.eu\/?p=26955"},"modified":"2022-03-29T12:23:53","modified_gmt":"2022-03-29T12:23:53","slug":"galerii-vana-tallinn-galal-nautisid-ooperisobrad-eksklusiivset-kontsertlavastust-idomeneo","status":"publish","type":"post","link":"https:\/\/liviko.eu\/et\/galerii-vana-tallinn-galal-nautisid-ooperisobrad-eksklusiivset-kontsertlavastust-idomeneo\/","title":{"rendered":"Galerii: Vana Tallinn Galal nautisid ooperis\u00f5brad eksklusiivset kontsertlavastust \u201eIdomeneo\u201c"},"content":{"rendered":"\n<p><strong>\u00dcheksandal Vana Tallinn Galal esitas Rahvusooper Estonia kontsertlavastuse \u201eIdomeneo\u201c, mis p\u00f5hineb Wolfgang Amadeus Mozarti esimesel suurel, harva esitataval ooperil.<\/strong><\/p>\n\n\n\n<p>\u201eLiviko on juba k\u00fcmme aastat olnud rahvusooperi suurtoetaja ning mul on hea meel, et hoolimata koroonakriisist oleme saanud toetust senises mahus j\u00e4tkata. Meie \u00fchine, traditsioonidega Vana Tallinn Gala oli sel aastal eriline, pakkudes tervikliku ja vaatem\u00e4ngulise kontsertlavastusega publikule v\u00e4\u00e4rilise elamuse,\u201c \u00fctles Liviko juht Janek Kalvi. &nbsp;&nbsp;<\/p>\n\n\n\n<p>Dirigent Risto Joost toob v\u00e4lja, et Wolfgang Amadeus Mozart on l\u00e4bi aegade \u00fcks andekamaid heliloojaid, kelle geniaalsus k\u00f5neleb k\u00f5ige eredamalt muusikateatri kontekstis. \u201eSuudame kontsertlavastusega \u201eIdomeneo\u201c n\u00e4idata Eestis elavate ja t\u00f6\u00f6tavate lauljate koosseisu, kellest nii m\u00f5nelgi on pikaaegne rahvusvaheline lavakogemus,\u201c s\u00f5nas Joost.<\/p>\n\n\n\n<p>Mozarti dramaatilise teose t\u00f5i s\u00e4rava ning visuaalselt haarava gala\u00f5htuna meie ette lavastaja Veiko Tubin. Solistidena astusid \u00fcles Juhan Tralla, Helen Lokuta, Reigo Tamm, Elena Bra\u017enik ja teised meisterlikud artistid.<\/p>\n\n\n\n<p>Vana Tallinn Galast on kujunenud ooperis\u00f5prade seas oodatud muusikas\u00fcndmus, mida juba \u00fcheksandat aastat korraldab Rahvusooper Estonia koos oma suurtoetaja Livikoga. Kontsertlavastusest saavad p\u00fchap\u00e4eval osa ka L\u00f5una-Eesti muusikas\u00f5brad, kui teos tuleb esitusele Vanemuise laval.<\/p>\n\n\n\n<p>Lisaks Rahvusooper Estonia toetamisele panustab AS Liviko eesti kultuuri edendamisse, toetades nii Eesti Kunstimuuseumi, Eesti Kirjanike Liidu romaaniv\u00f5istlust kui ka mitmeid teisi kultuuris\u00fcndmusi.<\/p>\n\n\n\n<p><strong>Galerii: <a href=\"https:\/\/eur03.safelinks.protection.outlook.com\/?url=https%3A%2F%2Fwww.dropbox.com%2Fsh%2Fz4zd31eh18xyvgn%2FAADC7118961As34RUbgAUBeLa%3Fdl%3D0&amp;data=04%7C01%7C%7C6fcce67878764b612ec208d96b80b54d%7C85404cde167b44e798a604fb4a66bfce%7C0%7C0%7C637659024142698510%7CUnknown%7CTWFpbGZsb3d8eyJWIjoiMC4wLjAwMDAiLCJQIjoiV2luMzIiLCJBTiI6Ik1haWwiLCJXVCI6Mn0%3D%7C1000&amp;sdata=zrlWwnB3uVrxFdd2P6EmkYmfULAz58bTrpV3ZBsePfg%3D&amp;reserved=0\">https:\/\/www.dropbox.com\/sh\/z4zd31eh18xyvgn\/AADC7118961As34RUbgAUBeLa?dl=0<\/a><\/strong><br><strong>Fotode autorid: Kretel Kuusk, Rauno Liivand<\/strong><\/p>\n","protected":false},"excerpt":{"rendered":"<p>\u00dcheksandal Vana Tallinn Galal esitas Rahvusooper Estonia kontsertlavastuse \u201eIdomeneo\u201c, mis p\u00f5hineb Wolfgang Amadeus Mozarti esimesel suurel, harva esitataval ooperil. \u201eLiviko on juba k\u00fcmme aastat olnud rahvusooperi suurtoetaja ning mul on hea meel, et hoolimata koroonakriisist oleme saanud toetust senises mahus&#8230;<\/p>\n","protected":false},"author":7,"featured_media":27009,"comment_status":"closed","ping_status":"closed","sticky":false,"template":"","format":"standard","meta":{"_acf_changed":false,"inline_featured_image":false,"_monsterinsights_skip_tracking":false,"_monsterinsights_sitenote_active":false,"_monsterinsights_sitenote_note":"","_monsterinsights_sitenote_category":0,"footnotes":""},"categories":[2],"tags":[],"pagrindinis_gerimas":[],"skonis":[],"prekinis_zenklas":[],"class_list":["post-26955","post","type-post","status-publish","format-standard","has-post-thumbnail","hentry","category-uncategorized-et"],"acf":[],"yoast_head":"<!-- This site is optimized with the Yoast SEO plugin v24.0 - https:\/\/yoast.com\/wordpress\/plugins\/seo\/ -->\n<title>Galerii: Vana Tallinn Galal nautisid ooperis\u00f5brad eksklusiivset kontsertlavastust \u201eIdomeneo\u201c - Liviko<\/title>\n<meta name=\"description\" content=\"Liviko on rahvusvaheline kiirelt arenev kvaliteetalkoholi grupp, mis m\u00fc\u00fcb omatooteid 60 turul ja esindab maailma juhtivaid kvaliteetalkoholi br\u00e4nde Baltimaades.\" \/>\n<meta name=\"robots\" content=\"index, follow, max-snippet:-1, max-image-preview:large, max-video-preview:-1\" \/>\n<link rel=\"canonical\" href=\"https:\/\/liviko.eu\/et\/galerii-vana-tallinn-galal-nautisid-ooperisobrad-eksklusiivset-kontsertlavastust-idomeneo\/\" \/>\n<meta property=\"og:locale\" content=\"et_EE\" \/>\n<meta property=\"og:type\" content=\"article\" \/>\n<meta property=\"og:title\" content=\"Galerii: Vana Tallinn Galal nautisid ooperis\u00f5brad eksklusiivset kontsertlavastust \u201eIdomeneo\u201c - Liviko\" \/>\n<meta property=\"og:description\" content=\"Liviko on rahvusvaheline kiirelt arenev kvaliteetalkoholi grupp, mis m\u00fc\u00fcb omatooteid 60 turul ja esindab maailma juhtivaid kvaliteetalkoholi br\u00e4nde Baltimaades.\" \/>\n<meta property=\"og:url\" content=\"https:\/\/liviko.eu\/et\/galerii-vana-tallinn-galal-nautisid-ooperisobrad-eksklusiivset-kontsertlavastust-idomeneo\/\" \/>\n<meta property=\"og:site_name\" content=\"Liviko\" \/>\n<meta property=\"article:publisher\" content=\"https:\/\/www.facebook.com\/LivikoDistillery\/\" \/>\n<meta property=\"article:published_time\" content=\"2021-08-31T07:48:31+00:00\" \/>\n<meta property=\"article:modified_time\" content=\"2022-03-29T12:23:53+00:00\" \/>\n<meta property=\"og:image\" content=\"https:\/\/liviko.eu\/wp-content\/uploads\/2021\/08\/pic1-scaled.jpeg\" \/>\n\t<meta property=\"og:image:width\" content=\"2560\" \/>\n\t<meta property=\"og:image:height\" content=\"1707\" \/>\n\t<meta property=\"og:image:type\" content=\"image\/jpeg\" \/>\n<meta name=\"author\" content=\"GloriaH\" \/>\n<meta name=\"twitter:card\" content=\"summary_large_image\" \/>\n<meta name=\"twitter:label1\" content=\"Written by\" \/>\n\t<meta name=\"twitter:data1\" content=\"GloriaH\" \/>\n\t<meta name=\"twitter:label2\" content=\"Est. reading time\" \/>\n\t<meta name=\"twitter:data2\" content=\"1 minut\" \/>\n<script type=\"application\/ld+json\" class=\"yoast-schema-graph\">{\"@context\":\"https:\/\/schema.org\",\"@graph\":[{\"@type\":\"NewsArticle\",\"@id\":\"https:\/\/liviko.eu\/et\/galerii-vana-tallinn-galal-nautisid-ooperisobrad-eksklusiivset-kontsertlavastust-idomeneo\/#article\",\"isPartOf\":{\"@id\":\"https:\/\/liviko.eu\/et\/galerii-vana-tallinn-galal-nautisid-ooperisobrad-eksklusiivset-kontsertlavastust-idomeneo\/\"},\"author\":{\"name\":\"GloriaH\",\"@id\":\"https:\/\/liviko.eu\/et\/#\/schema\/person\/03bcddc76c8f4368e0a92473f2da7de1\"},\"headline\":\"Galerii: Vana Tallinn Galal nautisid ooperis\u00f5brad eksklusiivset kontsertlavastust \u201eIdomeneo\u201c\",\"datePublished\":\"2021-08-31T07:48:31+00:00\",\"dateModified\":\"2022-03-29T12:23:53+00:00\",\"mainEntityOfPage\":{\"@id\":\"https:\/\/liviko.eu\/et\/galerii-vana-tallinn-galal-nautisid-ooperisobrad-eksklusiivset-kontsertlavastust-idomeneo\/\"},\"wordCount\":247,\"publisher\":{\"@id\":\"https:\/\/liviko.eu\/et\/#organization\"},\"image\":{\"@id\":\"https:\/\/liviko.eu\/et\/galerii-vana-tallinn-galal-nautisid-ooperisobrad-eksklusiivset-kontsertlavastust-idomeneo\/#primaryimage\"},\"thumbnailUrl\":\"https:\/\/liviko.eu\/wp-content\/uploads\/2021\/08\/pic1-scaled.jpeg\",\"articleSection\":[\"Uncategorized @et\"],\"inLanguage\":\"et\"},{\"@type\":\"WebPage\",\"@id\":\"https:\/\/liviko.eu\/et\/galerii-vana-tallinn-galal-nautisid-ooperisobrad-eksklusiivset-kontsertlavastust-idomeneo\/\",\"url\":\"https:\/\/liviko.eu\/et\/galerii-vana-tallinn-galal-nautisid-ooperisobrad-eksklusiivset-kontsertlavastust-idomeneo\/\",\"name\":\"Galerii: Vana Tallinn Galal nautisid ooperis\u00f5brad eksklusiivset kontsertlavastust \u201eIdomeneo\u201c - Liviko\",\"isPartOf\":{\"@id\":\"https:\/\/liviko.eu\/et\/#website\"},\"primaryImageOfPage\":{\"@id\":\"https:\/\/liviko.eu\/et\/galerii-vana-tallinn-galal-nautisid-ooperisobrad-eksklusiivset-kontsertlavastust-idomeneo\/#primaryimage\"},\"image\":{\"@id\":\"https:\/\/liviko.eu\/et\/galerii-vana-tallinn-galal-nautisid-ooperisobrad-eksklusiivset-kontsertlavastust-idomeneo\/#primaryimage\"},\"thumbnailUrl\":\"https:\/\/liviko.eu\/wp-content\/uploads\/2021\/08\/pic1-scaled.jpeg\",\"datePublished\":\"2021-08-31T07:48:31+00:00\",\"dateModified\":\"2022-03-29T12:23:53+00:00\",\"description\":\"Liviko on rahvusvaheline kiirelt arenev kvaliteetalkoholi grupp, mis m\u00fc\u00fcb omatooteid 60 turul ja esindab maailma juhtivaid kvaliteetalkoholi br\u00e4nde Baltimaades.\",\"breadcrumb\":{\"@id\":\"https:\/\/liviko.eu\/et\/galerii-vana-tallinn-galal-nautisid-ooperisobrad-eksklusiivset-kontsertlavastust-idomeneo\/#breadcrumb\"},\"inLanguage\":\"et\",\"potentialAction\":[{\"@type\":\"ReadAction\",\"target\":[\"https:\/\/liviko.eu\/et\/galerii-vana-tallinn-galal-nautisid-ooperisobrad-eksklusiivset-kontsertlavastust-idomeneo\/\"]}]},{\"@type\":\"ImageObject\",\"inLanguage\":\"et\",\"@id\":\"https:\/\/liviko.eu\/et\/galerii-vana-tallinn-galal-nautisid-ooperisobrad-eksklusiivset-kontsertlavastust-idomeneo\/#primaryimage\",\"url\":\"https:\/\/liviko.eu\/wp-content\/uploads\/2021\/08\/pic1-scaled.jpeg\",\"contentUrl\":\"https:\/\/liviko.eu\/wp-content\/uploads\/2021\/08\/pic1-scaled.jpeg\",\"width\":2560,\"height\":1707},{\"@type\":\"BreadcrumbList\",\"@id\":\"https:\/\/liviko.eu\/et\/galerii-vana-tallinn-galal-nautisid-ooperisobrad-eksklusiivset-kontsertlavastust-idomeneo\/#breadcrumb\",\"itemListElement\":[{\"@type\":\"ListItem\",\"position\":1,\"name\":\"Home\",\"item\":\"https:\/\/liviko.eu\/et\/\"},{\"@type\":\"ListItem\",\"position\":2,\"name\":\"Galerii: Vana Tallinn Galal nautisid ooperis\u00f5brad eksklusiivset kontsertlavastust \u201eIdomeneo\u201c\"}]},{\"@type\":\"WebSite\",\"@id\":\"https:\/\/liviko.eu\/et\/#website\",\"url\":\"https:\/\/liviko.eu\/et\/\",\"name\":\"Liviko\",\"description\":\"anno 1898\",\"publisher\":{\"@id\":\"https:\/\/liviko.eu\/et\/#organization\"},\"potentialAction\":[{\"@type\":\"SearchAction\",\"target\":{\"@type\":\"EntryPoint\",\"urlTemplate\":\"https:\/\/liviko.eu\/et\/?s={search_term_string}\"},\"query-input\":{\"@type\":\"PropertyValueSpecification\",\"valueRequired\":true,\"valueName\":\"search_term_string\"}}],\"inLanguage\":\"et\"},{\"@type\":\"Organization\",\"@id\":\"https:\/\/liviko.eu\/et\/#organization\",\"name\":\"Liviko\",\"url\":\"https:\/\/liviko.eu\/et\/\",\"logo\":{\"@type\":\"ImageObject\",\"inLanguage\":\"et\",\"@id\":\"https:\/\/liviko.eu\/et\/#\/schema\/logo\/image\/\",\"url\":\"https:\/\/liviko.eu\/wp-content\/uploads\/2020\/10\/liviko_logo.png\",\"contentUrl\":\"https:\/\/liviko.eu\/wp-content\/uploads\/2020\/10\/liviko_logo.png\",\"width\":515,\"height\":181,\"caption\":\"Liviko\"},\"image\":{\"@id\":\"https:\/\/liviko.eu\/et\/#\/schema\/logo\/image\/\"},\"sameAs\":[\"https:\/\/www.facebook.com\/LivikoDistillery\/\",\"https:\/\/www.instagram.com\/livikodistillery\",\"https:\/\/www.linkedin.com\/company\/liviko\/\",\"https:\/\/www.youtube.com\/channel\/UCnoHr-PaNxBHJO8nMDLVGuA\"]},{\"@type\":\"Person\",\"@id\":\"https:\/\/liviko.eu\/et\/#\/schema\/person\/03bcddc76c8f4368e0a92473f2da7de1\",\"name\":\"GloriaH\",\"image\":{\"@type\":\"ImageObject\",\"inLanguage\":\"et\",\"@id\":\"https:\/\/liviko.eu\/et\/#\/schema\/person\/image\/\",\"url\":\"https:\/\/secure.gravatar.com\/avatar\/31b6e862026c68270b8c04ecabb0d196?s=96&d=mm&r=g\",\"contentUrl\":\"https:\/\/secure.gravatar.com\/avatar\/31b6e862026c68270b8c04ecabb0d196?s=96&d=mm&r=g\",\"caption\":\"GloriaH\"}}]}<\/script>\n<!-- \/ Yoast SEO plugin. -->","yoast_head_json":{"title":"Galerii: Vana Tallinn Galal nautisid ooperis\u00f5brad eksklusiivset kontsertlavastust \u201eIdomeneo\u201c - Liviko","description":"Liviko on rahvusvaheline kiirelt arenev kvaliteetalkoholi grupp, mis m\u00fc\u00fcb omatooteid 60 turul ja esindab maailma juhtivaid kvaliteetalkoholi br\u00e4nde Baltimaades.","robots":{"index":"index","follow":"follow","max-snippet":"max-snippet:-1","max-image-preview":"max-image-preview:large","max-video-preview":"max-video-preview:-1"},"canonical":"https:\/\/liviko.eu\/et\/galerii-vana-tallinn-galal-nautisid-ooperisobrad-eksklusiivset-kontsertlavastust-idomeneo\/","og_locale":"et_EE","og_type":"article","og_title":"Galerii: Vana Tallinn Galal nautisid ooperis\u00f5brad eksklusiivset kontsertlavastust \u201eIdomeneo\u201c - Liviko","og_description":"Liviko on rahvusvaheline kiirelt arenev kvaliteetalkoholi grupp, mis m\u00fc\u00fcb omatooteid 60 turul ja esindab maailma juhtivaid kvaliteetalkoholi br\u00e4nde Baltimaades.","og_url":"https:\/\/liviko.eu\/et\/galerii-vana-tallinn-galal-nautisid-ooperisobrad-eksklusiivset-kontsertlavastust-idomeneo\/","og_site_name":"Liviko","article_publisher":"https:\/\/www.facebook.com\/LivikoDistillery\/","article_published_time":"2021-08-31T07:48:31+00:00","article_modified_time":"2022-03-29T12:23:53+00:00","og_image":[{"width":2560,"height":1707,"url":"https:\/\/liviko.eu\/wp-content\/uploads\/2021\/08\/pic1-scaled.jpeg","type":"image\/jpeg"}],"author":"GloriaH","twitter_card":"summary_large_image","twitter_misc":{"Written by":"GloriaH","Est. reading time":"1 minut"},"schema":{"@context":"https:\/\/schema.org","@graph":[{"@type":"NewsArticle","@id":"https:\/\/liviko.eu\/et\/galerii-vana-tallinn-galal-nautisid-ooperisobrad-eksklusiivset-kontsertlavastust-idomeneo\/#article","isPartOf":{"@id":"https:\/\/liviko.eu\/et\/galerii-vana-tallinn-galal-nautisid-ooperisobrad-eksklusiivset-kontsertlavastust-idomeneo\/"},"author":{"name":"GloriaH","@id":"https:\/\/liviko.eu\/et\/#\/schema\/person\/03bcddc76c8f4368e0a92473f2da7de1"},"headline":"Galerii: Vana Tallinn Galal nautisid ooperis\u00f5brad eksklusiivset kontsertlavastust \u201eIdomeneo\u201c","datePublished":"2021-08-31T07:48:31+00:00","dateModified":"2022-03-29T12:23:53+00:00","mainEntityOfPage":{"@id":"https:\/\/liviko.eu\/et\/galerii-vana-tallinn-galal-nautisid-ooperisobrad-eksklusiivset-kontsertlavastust-idomeneo\/"},"wordCount":247,"publisher":{"@id":"https:\/\/liviko.eu\/et\/#organization"},"image":{"@id":"https:\/\/liviko.eu\/et\/galerii-vana-tallinn-galal-nautisid-ooperisobrad-eksklusiivset-kontsertlavastust-idomeneo\/#primaryimage"},"thumbnailUrl":"https:\/\/liviko.eu\/wp-content\/uploads\/2021\/08\/pic1-scaled.jpeg","articleSection":["Uncategorized @et"],"inLanguage":"et"},{"@type":"WebPage","@id":"https:\/\/liviko.eu\/et\/galerii-vana-tallinn-galal-nautisid-ooperisobrad-eksklusiivset-kontsertlavastust-idomeneo\/","url":"https:\/\/liviko.eu\/et\/galerii-vana-tallinn-galal-nautisid-ooperisobrad-eksklusiivset-kontsertlavastust-idomeneo\/","name":"Galerii: Vana Tallinn Galal nautisid ooperis\u00f5brad eksklusiivset kontsertlavastust \u201eIdomeneo\u201c - Liviko","isPartOf":{"@id":"https:\/\/liviko.eu\/et\/#website"},"primaryImageOfPage":{"@id":"https:\/\/liviko.eu\/et\/galerii-vana-tallinn-galal-nautisid-ooperisobrad-eksklusiivset-kontsertlavastust-idomeneo\/#primaryimage"},"image":{"@id":"https:\/\/liviko.eu\/et\/galerii-vana-tallinn-galal-nautisid-ooperisobrad-eksklusiivset-kontsertlavastust-idomeneo\/#primaryimage"},"thumbnailUrl":"https:\/\/liviko.eu\/wp-content\/uploads\/2021\/08\/pic1-scaled.jpeg","datePublished":"2021-08-31T07:48:31+00:00","dateModified":"2022-03-29T12:23:53+00:00","description":"Liviko on rahvusvaheline kiirelt arenev kvaliteetalkoholi grupp, mis m\u00fc\u00fcb omatooteid 60 turul ja esindab maailma juhtivaid kvaliteetalkoholi br\u00e4nde Baltimaades.","breadcrumb":{"@id":"https:\/\/liviko.eu\/et\/galerii-vana-tallinn-galal-nautisid-ooperisobrad-eksklusiivset-kontsertlavastust-idomeneo\/#breadcrumb"},"inLanguage":"et","potentialAction":[{"@type":"ReadAction","target":["https:\/\/liviko.eu\/et\/galerii-vana-tallinn-galal-nautisid-ooperisobrad-eksklusiivset-kontsertlavastust-idomeneo\/"]}]},{"@type":"ImageObject","inLanguage":"et","@id":"https:\/\/liviko.eu\/et\/galerii-vana-tallinn-galal-nautisid-ooperisobrad-eksklusiivset-kontsertlavastust-idomeneo\/#primaryimage","url":"https:\/\/liviko.eu\/wp-content\/uploads\/2021\/08\/pic1-scaled.jpeg","contentUrl":"https:\/\/liviko.eu\/wp-content\/uploads\/2021\/08\/pic1-scaled.jpeg","width":2560,"height":1707},{"@type":"BreadcrumbList","@id":"https:\/\/liviko.eu\/et\/galerii-vana-tallinn-galal-nautisid-ooperisobrad-eksklusiivset-kontsertlavastust-idomeneo\/#breadcrumb","itemListElement":[{"@type":"ListItem","position":1,"name":"Home","item":"https:\/\/liviko.eu\/et\/"},{"@type":"ListItem","position":2,"name":"Galerii: Vana Tallinn Galal nautisid ooperis\u00f5brad eksklusiivset kontsertlavastust \u201eIdomeneo\u201c"}]},{"@type":"WebSite","@id":"https:\/\/liviko.eu\/et\/#website","url":"https:\/\/liviko.eu\/et\/","name":"Liviko","description":"anno 1898","publisher":{"@id":"https:\/\/liviko.eu\/et\/#organization"},"potentialAction":[{"@type":"SearchAction","target":{"@type":"EntryPoint","urlTemplate":"https:\/\/liviko.eu\/et\/?s={search_term_string}"},"query-input":{"@type":"PropertyValueSpecification","valueRequired":true,"valueName":"search_term_string"}}],"inLanguage":"et"},{"@type":"Organization","@id":"https:\/\/liviko.eu\/et\/#organization","name":"Liviko","url":"https:\/\/liviko.eu\/et\/","logo":{"@type":"ImageObject","inLanguage":"et","@id":"https:\/\/liviko.eu\/et\/#\/schema\/logo\/image\/","url":"https:\/\/liviko.eu\/wp-content\/uploads\/2020\/10\/liviko_logo.png","contentUrl":"https:\/\/liviko.eu\/wp-content\/uploads\/2020\/10\/liviko_logo.png","width":515,"height":181,"caption":"Liviko"},"image":{"@id":"https:\/\/liviko.eu\/et\/#\/schema\/logo\/image\/"},"sameAs":["https:\/\/www.facebook.com\/LivikoDistillery\/","https:\/\/www.instagram.com\/livikodistillery","https:\/\/www.linkedin.com\/company\/liviko\/","https:\/\/www.youtube.com\/channel\/UCnoHr-PaNxBHJO8nMDLVGuA"]},{"@type":"Person","@id":"https:\/\/liviko.eu\/et\/#\/schema\/person\/03bcddc76c8f4368e0a92473f2da7de1","name":"GloriaH","image":{"@type":"ImageObject","inLanguage":"et","@id":"https:\/\/liviko.eu\/et\/#\/schema\/person\/image\/","url":"https:\/\/secure.gravatar.com\/avatar\/31b6e862026c68270b8c04ecabb0d196?s=96&d=mm&r=g","contentUrl":"https:\/\/secure.gravatar.com\/avatar\/31b6e862026c68270b8c04ecabb0d196?s=96&d=mm&r=g","caption":"GloriaH"}}]}},"_links":{"self":[{"href":"https:\/\/liviko.eu\/et\/wp-json\/wp\/v2\/posts\/26955","targetHints":{"allow":["GET"]}}],"collection":[{"href":"https:\/\/liviko.eu\/et\/wp-json\/wp\/v2\/posts"}],"about":[{"href":"https:\/\/liviko.eu\/et\/wp-json\/wp\/v2\/types\/post"}],"author":[{"embeddable":true,"href":"https:\/\/liviko.eu\/et\/wp-json\/wp\/v2\/users\/7"}],"replies":[{"embeddable":true,"href":"https:\/\/liviko.eu\/et\/wp-json\/wp\/v2\/comments?post=26955"}],"version-history":[{"count":8,"href":"https:\/\/liviko.eu\/et\/wp-json\/wp\/v2\/posts\/26955\/revisions"}],"predecessor-version":[{"id":28478,"href":"https:\/\/liviko.eu\/et\/wp-json\/wp\/v2\/posts\/26955\/revisions\/28478"}],"wp:featuredmedia":[{"embeddable":true,"href":"https:\/\/liviko.eu\/et\/wp-json\/wp\/v2\/media\/27009"}],"wp:attachment":[{"href":"https:\/\/liviko.eu\/et\/wp-json\/wp\/v2\/media?parent=26955"}],"wp:term":[{"taxonomy":"category","embeddable":true,"href":"https:\/\/liviko.eu\/et\/wp-json\/wp\/v2\/categories?post=26955"},{"taxonomy":"post_tag","embeddable":true,"href":"https:\/\/liviko.eu\/et\/wp-json\/wp\/v2\/tags?post=26955"},{"taxonomy":"pagrindinis_gerimas","embeddable":true,"href":"https:\/\/liviko.eu\/et\/wp-json\/wp\/v2\/pagrindinis_gerimas?post=26955"},{"taxonomy":"skonis","embeddable":true,"href":"https:\/\/liviko.eu\/et\/wp-json\/wp\/v2\/skonis?post=26955"},{"taxonomy":"prekinis_zenklas","embeddable":true,"href":"https:\/\/liviko.eu\/et\/wp-json\/wp\/v2\/prekinis_zenklas?post=26955"}],"curies":[{"name":"wp","href":"https:\/\/api.w.org\/{rel}","templated":true}]}}