{"id":51552,"date":"2024-01-02T12:13:13","date_gmt":"2024-01-02T12:13:13","guid":{"rendered":"https:\/\/liviko.eu\/?p=51552"},"modified":"2024-01-03T08:41:26","modified_gmt":"2024-01-03T08:41:26","slug":"remy-martini-ja-eesti-kontserdi-uusaastakontsert-andis-alanud-aastale-heliseva-avanoodi","status":"publish","type":"post","link":"https:\/\/liviko.eu\/et\/remy-martini-ja-eesti-kontserdi-uusaastakontsert-andis-alanud-aastale-heliseva-avanoodi\/","title":{"rendered":"R\u00e9my Martin\u2019i ja Eesti Kontserdi uusaastakontsert andis alanud aastale heliseva avanoodi"},"content":{"rendered":"\n<p><strong>R\u00e9my Martin\u2019i&nbsp;ja Eesti Kontserdi traditsiooniline uusaastakontsert Estonia kontserdisaalis andis alanud aastale kauni muusikalise avaakordi.&nbsp;ERSOt juhatas dirigent Kaspar M\u00e4nd ning solistidena pakkusid publikule elamusi sopran Mirjam Mesak ja tereminivirtuoos Carolina Eyck.<\/strong> <\/p>\n\n\n\n<p>R\u00e9my Martin\u2019i ja Eesti Kontserdi pidulik uusaastakontsert oli inspireeritud fantastilisest Prantsusmaast, Pariisi imelisest milj\u00f6\u00f6st ning sealsest kaasakiskuvast \u00f5hustikust.&nbsp;<\/p>\n\n\n\n<p>\u201eMeil on suur r\u00f5\u00f5m, et dirigent Kaspar M\u00e4nd koostas prantslaslikult lummava kava, kus armastatud sopran Mirjam Mesaku k\u00f5rval astus \u00fcles p\u00f5neva ja \u00fcsna ebatavalise elektroonilise muusikainstrumendi ehk tereminiga solist Carolina Eyck. Pariis on linn, kus uus ja vana k\u00e4ivad k\u00e4sik\u00e4es ja nii alustasime ka meie uut aastat v\u00e4ga mitmek\u00fclgse kavaga Estonia kontserdisaali tuttavate l\u00fchtrite s\u00e4ras,\u201c \u00fctles Eesti Kontserdi peaprodutsent <strong>Maarit Kangron<\/strong>.<\/p>\n\n\n\n<p>S\u00e4raval uusaastakontserdil k\u00f5lasid sopran Mirjam Mesaku esituses Claude Debussy s\u00fcmfooniline prel\u00fc\u00fcd \u201eFauni p\u00e4rastl\u00f5una\u201c, Hector Berliozi \u201eTundmatu saar\u201c lauluts\u00fcklist \u201eSuve\u00f6\u00f6d\u201c op.7, Henri Duparci \u201eEkstaas\u201c ning Charles Gounod\u2019 \u201eJulia valss\u201c ooperist \u201eRomeo ja Julia\u201c. Kaunitele paladele j\u00e4rgnesid Maurice Raveli \u201eNooblid ja sentimentaalsed valsid\u201c.&nbsp;<\/p>\n\n\n\n<p>Tereminim\u00e4ngija Carolina Eycki soleerimisel sai publik osa R\u00e9gis Campo \u201ePulseerivast tantsup\u00f5randast\u201c tereminile ja orkestrile. Rohkeid emotsioone pakkus George Gershwini s\u00fcmfooniline poeem \u201eAmeeriklane Pariisis\u201c. Lummavalt prantsusp\u00e4rasele kontserdile andis meeldej\u00e4\u00e4va l\u00f5punoodi Jacques Iberti \u201eRestoran Bois de Boulogne\u2019s\u201c s\u00fcmfoonilisest s\u00fcidist \u201ePariis\u201c.<\/p>\n\n\n\n<p>\u201eUusaastakontsert annab alanud kultuuririkkuse aastale v\u00e4\u00e4rika ja suursuguse avapaugu. Tunneme Livikos r\u00f5\u00f5mu selle \u00fcle, et saame aidata kaasa kohaliku kultuurielu \u00f5itsengule,\u201c \u00fctles Liviko juhataja <strong>Janek Kalvi<\/strong>. Ettev\u00f5te on suunanud oma toetuse \u00fchiskondlikult ja kultuuriliselt t\u00e4hendusrikastesse valdkondadesse, toetades nii kunsti, kirjandust, muusikat kui ka sporti. Kontsert on saanud oma nime 300-aastase konjakimaja R\u00e9my Martin\u2019i&nbsp;j\u00e4rgi.<\/p>\n\n\n\n<p>Uusaastakontsert j\u00f5udis publikuni Eesti Kontserdi, Liviko ja Eesti Rahvusringh\u00e4\u00e4lingu koost\u00f6\u00f6s.<\/p>\n\n\n\n<p>Tele\u00fclekannet juhtis Joonas Hellerma. Kontsert on j\u00e4relvaadatav aadressil jupiter.err.ee.<\/p>\n\n\n\n<p>Liviko ja Eesti Kontsert soovib k\u00f5igile head alanud aastat ja kauneid kontserdielamusi!<\/p>\n\n\n\n<p><strong>Galerii: <\/strong><a href=\"https:\/\/eur03.safelinks.protection.outlook.com\/?url=https%3A%2F%2Fwww.dropbox.com%2Fscl%2Ffo%2Fd96hp9y81oe6knrau6e6o%2Fh%3Frlkey%3De55n2usyum6mzpe54qgu8qs88%26dl%3D0&amp;data=05%7C02%7Clorette.palutaja%40liviko.ee%7Ce113299b0e2944e6580208dc0b8ade0d%7C85404cde167b44e798a604fb4a66bfce%7C0%7C0%7C638397938265200091%7CUnknown%7CTWFpbGZsb3d8eyJWIjoiMC4wLjAwMDAiLCJQIjoiV2luMzIiLCJBTiI6Ik1haWwiLCJXVCI6Mn0%3D%7C3000%7C%7C%7C&amp;sdata=7gaMgP0VEx%2FomKjGRejYApBUQkgUD%2B%2BfYJV018uVt8o%3D&amp;reserved=0\">https:\/\/www.dropbox.com\/scl\/fo\/d96hp9y81oe6knrau6e6o\/h?rlkey=e55n2usyum6mzpe54qgu8qs88&amp;dl=0<\/a> (fotograafid Kalev Lilleorg ja Erlend \u0160taub)<\/p>\n\n\n<div class=\"wp-block-image\">\n<figure class=\"aligncenter size-large is-resized\"><img fetchpriority=\"high\" decoding=\"async\" src=\"https:\/\/liviko.eu\/wp-content\/uploads\/2024\/01\/Erlend-S-1093x1366.jpeg\" alt=\"\" class=\"wp-image-51558\" width=\"547\" height=\"683\" srcset=\"https:\/\/liviko.eu\/wp-content\/uploads\/2024\/01\/Erlend-S-1093x1366.jpeg 1093w, https:\/\/liviko.eu\/wp-content\/uploads\/2024\/01\/Erlend-S-736x920.jpeg 736w, https:\/\/liviko.eu\/wp-content\/uploads\/2024\/01\/Erlend-S-768x960.jpeg 768w, https:\/\/liviko.eu\/wp-content\/uploads\/2024\/01\/Erlend-S-1229x1536.jpeg 1229w, https:\/\/liviko.eu\/wp-content\/uploads\/2024\/01\/Erlend-S-1638x2048.jpeg 1638w, https:\/\/liviko.eu\/wp-content\/uploads\/2024\/01\/Erlend-S-256x320.jpeg 256w, https:\/\/liviko.eu\/wp-content\/uploads\/2024\/01\/Erlend-S-482x603.jpeg 482w, https:\/\/liviko.eu\/wp-content\/uploads\/2024\/01\/Erlend-S-scaled.jpeg 2048w\" sizes=\"(max-width: 547px) 100vw, 547px\" \/><figcaption class=\"wp-element-caption\">Foto: Erlend \u0160taub<\/figcaption><\/figure><\/div>\n\n<div class=\"wp-block-image\">\n<figure class=\"aligncenter size-large is-resized\"><img decoding=\"async\" src=\"https:\/\/liviko.eu\/wp-content\/uploads\/2024\/01\/240101_Remy_Martin-Gala_Erlend_Staub_117-1366x911.jpg\" alt=\"\" class=\"wp-image-51576\" width=\"683\" height=\"456\" srcset=\"https:\/\/liviko.eu\/wp-content\/uploads\/2024\/01\/240101_Remy_Martin-Gala_Erlend_Staub_117-1366x911.jpg 1366w, https:\/\/liviko.eu\/wp-content\/uploads\/2024\/01\/240101_Remy_Martin-Gala_Erlend_Staub_117-920x613.jpg 920w, https:\/\/liviko.eu\/wp-content\/uploads\/2024\/01\/240101_Remy_Martin-Gala_Erlend_Staub_117-768x512.jpg 768w, https:\/\/liviko.eu\/wp-content\/uploads\/2024\/01\/240101_Remy_Martin-Gala_Erlend_Staub_117-1536x1024.jpg 1536w, https:\/\/liviko.eu\/wp-content\/uploads\/2024\/01\/240101_Remy_Martin-Gala_Erlend_Staub_117-2048x1365.jpg 2048w, https:\/\/liviko.eu\/wp-content\/uploads\/2024\/01\/240101_Remy_Martin-Gala_Erlend_Staub_117-480x320.jpg 480w, https:\/\/liviko.eu\/wp-content\/uploads\/2024\/01\/240101_Remy_Martin-Gala_Erlend_Staub_117-905x603.jpg 905w\" sizes=\"(max-width: 683px) 100vw, 683px\" \/><figcaption class=\"wp-element-caption\">Foto: Erlend \u0160taub<\/figcaption><\/figure><\/div>\n\n<div class=\"wp-block-image\">\n<figure class=\"aligncenter size-large is-resized\"><img decoding=\"async\" src=\"https:\/\/liviko.eu\/wp-content\/uploads\/2024\/01\/240101_Remy_Martin-Gala_Erlend_Staub_595-1093x1366.jpg\" alt=\"\" class=\"wp-image-51582\" width=\"547\" height=\"683\" srcset=\"https:\/\/liviko.eu\/wp-content\/uploads\/2024\/01\/240101_Remy_Martin-Gala_Erlend_Staub_595-1093x1366.jpg 1093w, https:\/\/liviko.eu\/wp-content\/uploads\/2024\/01\/240101_Remy_Martin-Gala_Erlend_Staub_595-736x920.jpg 736w, https:\/\/liviko.eu\/wp-content\/uploads\/2024\/01\/240101_Remy_Martin-Gala_Erlend_Staub_595-768x960.jpg 768w, https:\/\/liviko.eu\/wp-content\/uploads\/2024\/01\/240101_Remy_Martin-Gala_Erlend_Staub_595-1229x1536.jpg 1229w, https:\/\/liviko.eu\/wp-content\/uploads\/2024\/01\/240101_Remy_Martin-Gala_Erlend_Staub_595-1638x2048.jpg 1638w, https:\/\/liviko.eu\/wp-content\/uploads\/2024\/01\/240101_Remy_Martin-Gala_Erlend_Staub_595-256x320.jpg 256w, https:\/\/liviko.eu\/wp-content\/uploads\/2024\/01\/240101_Remy_Martin-Gala_Erlend_Staub_595-482x603.jpg 482w, https:\/\/liviko.eu\/wp-content\/uploads\/2024\/01\/240101_Remy_Martin-Gala_Erlend_Staub_595-scaled.jpg 2048w\" sizes=\"(max-width: 547px) 100vw, 547px\" \/><figcaption class=\"wp-element-caption\">Foto: Erlend \u0160taub<\/figcaption><\/figure><\/div>\n\n<div class=\"wp-block-image\">\n<figure class=\"aligncenter size-large is-resized\"><img loading=\"lazy\" decoding=\"async\" src=\"https:\/\/liviko.eu\/wp-content\/uploads\/2024\/01\/uusaastakontsert_075-1366x911.jpg\" alt=\"\" class=\"wp-image-51587\" width=\"683\" height=\"456\" srcset=\"https:\/\/liviko.eu\/wp-content\/uploads\/2024\/01\/uusaastakontsert_075-1366x911.jpg 1366w, https:\/\/liviko.eu\/wp-content\/uploads\/2024\/01\/uusaastakontsert_075-920x613.jpg 920w, https:\/\/liviko.eu\/wp-content\/uploads\/2024\/01\/uusaastakontsert_075-768x512.jpg 768w, https:\/\/liviko.eu\/wp-content\/uploads\/2024\/01\/uusaastakontsert_075-1536x1024.jpg 1536w, https:\/\/liviko.eu\/wp-content\/uploads\/2024\/01\/uusaastakontsert_075-2048x1365.jpg 2048w, https:\/\/liviko.eu\/wp-content\/uploads\/2024\/01\/uusaastakontsert_075-480x320.jpg 480w, https:\/\/liviko.eu\/wp-content\/uploads\/2024\/01\/uusaastakontsert_075-905x603.jpg 905w\" sizes=\"(max-width: 683px) 100vw, 683px\" \/><figcaption class=\"wp-element-caption\">Foto: Kalev Lilleorg<\/figcaption><\/figure><\/div>","protected":false},"excerpt":{"rendered":"<p>R\u00e9my Martin\u2019i&nbsp;ja Eesti Kontserdi traditsiooniline uusaastakontsert Estonia kontserdisaalis andis alanud aastale kauni muusikalise avaakordi.&nbsp;ERSOt juhatas dirigent Kaspar M\u00e4nd ning solistidena pakkusid publikule elamusi sopran Mirjam Mesak ja tereminivirtuoos Carolina Eyck. R\u00e9my Martin\u2019i ja Eesti Kontserdi pidulik uusaastakontsert oli inspireeritud fantastilisest&#8230;<\/p>\n","protected":false},"author":8,"featured_media":51553,"comment_status":"closed","ping_status":"closed","sticky":false,"template":"","format":"standard","meta":{"_acf_changed":false,"inline_featured_image":false,"_monsterinsights_skip_tracking":false,"_monsterinsights_sitenote_active":false,"_monsterinsights_sitenote_note":"","_monsterinsights_sitenote_category":0,"footnotes":""},"categories":[2],"tags":[],"pagrindinis_gerimas":[],"skonis":[],"prekinis_zenklas":[],"class_list":["post-51552","post","type-post","status-publish","format-standard","has-post-thumbnail","hentry","category-uncategorized-et"],"acf":[],"yoast_head":"<!-- This site is optimized with the Yoast SEO plugin v24.0 - https:\/\/yoast.com\/wordpress\/plugins\/seo\/ -->\n<title>R\u00e9my Martin\u2019i ja Eesti Kontserdi uusaastakontsert andis alanud aastale heliseva avanoodi - Liviko<\/title>\n<meta name=\"description\" content=\"Liviko on rahvusvaheline kiirelt arenev kvaliteetalkoholi grupp, mis m\u00fc\u00fcb omatooteid 60 turul ja esindab maailma juhtivaid kvaliteetalkoholi br\u00e4nde Baltimaades.\" \/>\n<meta name=\"robots\" content=\"index, follow, max-snippet:-1, max-image-preview:large, max-video-preview:-1\" \/>\n<link rel=\"canonical\" href=\"https:\/\/liviko.eu\/et\/remy-martini-ja-eesti-kontserdi-uusaastakontsert-andis-alanud-aastale-heliseva-avanoodi\/\" \/>\n<meta property=\"og:locale\" content=\"et_EE\" \/>\n<meta property=\"og:type\" content=\"article\" \/>\n<meta property=\"og:title\" content=\"R\u00e9my Martin\u2019i ja Eesti Kontserdi uusaastakontsert andis alanud aastale heliseva avanoodi - Liviko\" \/>\n<meta property=\"og:description\" content=\"Liviko on rahvusvaheline kiirelt arenev kvaliteetalkoholi grupp, mis m\u00fc\u00fcb omatooteid 60 turul ja esindab maailma juhtivaid kvaliteetalkoholi br\u00e4nde Baltimaades.\" \/>\n<meta property=\"og:url\" content=\"https:\/\/liviko.eu\/et\/remy-martini-ja-eesti-kontserdi-uusaastakontsert-andis-alanud-aastale-heliseva-avanoodi\/\" \/>\n<meta property=\"og:site_name\" content=\"Liviko\" \/>\n<meta property=\"article:publisher\" content=\"https:\/\/www.facebook.com\/LivikoDistillery\/\" \/>\n<meta property=\"article:published_time\" content=\"2024-01-02T12:13:13+00:00\" \/>\n<meta property=\"article:modified_time\" content=\"2024-01-03T08:41:26+00:00\" \/>\n<meta property=\"og:image\" content=\"https:\/\/liviko.eu\/wp-content\/uploads\/2024\/01\/800x530.jpg\" \/>\n\t<meta property=\"og:image:width\" content=\"800\" \/>\n\t<meta property=\"og:image:height\" content=\"530\" \/>\n\t<meta property=\"og:image:type\" content=\"image\/jpeg\" \/>\n<meta name=\"author\" content=\"LoretteP\" \/>\n<meta name=\"twitter:card\" content=\"summary_large_image\" \/>\n<meta name=\"twitter:label1\" content=\"Written by\" \/>\n\t<meta name=\"twitter:data1\" content=\"LoretteP\" \/>\n\t<meta name=\"twitter:label2\" content=\"Est. reading time\" \/>\n\t<meta name=\"twitter:data2\" content=\"3 minutit\" \/>\n<script type=\"application\/ld+json\" class=\"yoast-schema-graph\">{\"@context\":\"https:\/\/schema.org\",\"@graph\":[{\"@type\":\"NewsArticle\",\"@id\":\"https:\/\/liviko.eu\/et\/remy-martini-ja-eesti-kontserdi-uusaastakontsert-andis-alanud-aastale-heliseva-avanoodi\/#article\",\"isPartOf\":{\"@id\":\"https:\/\/liviko.eu\/et\/remy-martini-ja-eesti-kontserdi-uusaastakontsert-andis-alanud-aastale-heliseva-avanoodi\/\"},\"author\":{\"name\":\"LoretteP\",\"@id\":\"https:\/\/liviko.eu\/et\/#\/schema\/person\/84beb87931ee45abdac800ac4d648280\"},\"headline\":\"R\u00e9my Martin\u2019i ja Eesti Kontserdi uusaastakontsert andis alanud aastale heliseva avanoodi\",\"datePublished\":\"2024-01-02T12:13:13+00:00\",\"dateModified\":\"2024-01-03T08:41:26+00:00\",\"mainEntityOfPage\":{\"@id\":\"https:\/\/liviko.eu\/et\/remy-martini-ja-eesti-kontserdi-uusaastakontsert-andis-alanud-aastale-heliseva-avanoodi\/\"},\"wordCount\":386,\"publisher\":{\"@id\":\"https:\/\/liviko.eu\/et\/#organization\"},\"image\":{\"@id\":\"https:\/\/liviko.eu\/et\/remy-martini-ja-eesti-kontserdi-uusaastakontsert-andis-alanud-aastale-heliseva-avanoodi\/#primaryimage\"},\"thumbnailUrl\":\"https:\/\/liviko.eu\/wp-content\/uploads\/2024\/01\/800x530.jpg\",\"articleSection\":[\"Uncategorized @et\"],\"inLanguage\":\"et\"},{\"@type\":\"WebPage\",\"@id\":\"https:\/\/liviko.eu\/et\/remy-martini-ja-eesti-kontserdi-uusaastakontsert-andis-alanud-aastale-heliseva-avanoodi\/\",\"url\":\"https:\/\/liviko.eu\/et\/remy-martini-ja-eesti-kontserdi-uusaastakontsert-andis-alanud-aastale-heliseva-avanoodi\/\",\"name\":\"R\u00e9my Martin\u2019i ja Eesti Kontserdi uusaastakontsert andis alanud aastale heliseva avanoodi - Liviko\",\"isPartOf\":{\"@id\":\"https:\/\/liviko.eu\/et\/#website\"},\"primaryImageOfPage\":{\"@id\":\"https:\/\/liviko.eu\/et\/remy-martini-ja-eesti-kontserdi-uusaastakontsert-andis-alanud-aastale-heliseva-avanoodi\/#primaryimage\"},\"image\":{\"@id\":\"https:\/\/liviko.eu\/et\/remy-martini-ja-eesti-kontserdi-uusaastakontsert-andis-alanud-aastale-heliseva-avanoodi\/#primaryimage\"},\"thumbnailUrl\":\"https:\/\/liviko.eu\/wp-content\/uploads\/2024\/01\/800x530.jpg\",\"datePublished\":\"2024-01-02T12:13:13+00:00\",\"dateModified\":\"2024-01-03T08:41:26+00:00\",\"description\":\"Liviko on rahvusvaheline kiirelt arenev kvaliteetalkoholi grupp, mis m\u00fc\u00fcb omatooteid 60 turul ja esindab maailma juhtivaid kvaliteetalkoholi br\u00e4nde Baltimaades.\",\"breadcrumb\":{\"@id\":\"https:\/\/liviko.eu\/et\/remy-martini-ja-eesti-kontserdi-uusaastakontsert-andis-alanud-aastale-heliseva-avanoodi\/#breadcrumb\"},\"inLanguage\":\"et\",\"potentialAction\":[{\"@type\":\"ReadAction\",\"target\":[\"https:\/\/liviko.eu\/et\/remy-martini-ja-eesti-kontserdi-uusaastakontsert-andis-alanud-aastale-heliseva-avanoodi\/\"]}]},{\"@type\":\"ImageObject\",\"inLanguage\":\"et\",\"@id\":\"https:\/\/liviko.eu\/et\/remy-martini-ja-eesti-kontserdi-uusaastakontsert-andis-alanud-aastale-heliseva-avanoodi\/#primaryimage\",\"url\":\"https:\/\/liviko.eu\/wp-content\/uploads\/2024\/01\/800x530.jpg\",\"contentUrl\":\"https:\/\/liviko.eu\/wp-content\/uploads\/2024\/01\/800x530.jpg\",\"width\":800,\"height\":530},{\"@type\":\"BreadcrumbList\",\"@id\":\"https:\/\/liviko.eu\/et\/remy-martini-ja-eesti-kontserdi-uusaastakontsert-andis-alanud-aastale-heliseva-avanoodi\/#breadcrumb\",\"itemListElement\":[{\"@type\":\"ListItem\",\"position\":1,\"name\":\"Home\",\"item\":\"https:\/\/liviko.eu\/et\/\"},{\"@type\":\"ListItem\",\"position\":2,\"name\":\"R\u00e9my Martin\u2019i ja Eesti Kontserdi uusaastakontsert andis alanud aastale heliseva avanoodi\"}]},{\"@type\":\"WebSite\",\"@id\":\"https:\/\/liviko.eu\/et\/#website\",\"url\":\"https:\/\/liviko.eu\/et\/\",\"name\":\"Liviko\",\"description\":\"anno 1898\",\"publisher\":{\"@id\":\"https:\/\/liviko.eu\/et\/#organization\"},\"potentialAction\":[{\"@type\":\"SearchAction\",\"target\":{\"@type\":\"EntryPoint\",\"urlTemplate\":\"https:\/\/liviko.eu\/et\/?s={search_term_string}\"},\"query-input\":{\"@type\":\"PropertyValueSpecification\",\"valueRequired\":true,\"valueName\":\"search_term_string\"}}],\"inLanguage\":\"et\"},{\"@type\":\"Organization\",\"@id\":\"https:\/\/liviko.eu\/et\/#organization\",\"name\":\"Liviko\",\"url\":\"https:\/\/liviko.eu\/et\/\",\"logo\":{\"@type\":\"ImageObject\",\"inLanguage\":\"et\",\"@id\":\"https:\/\/liviko.eu\/et\/#\/schema\/logo\/image\/\",\"url\":\"https:\/\/liviko.eu\/wp-content\/uploads\/2020\/10\/liviko_logo.png\",\"contentUrl\":\"https:\/\/liviko.eu\/wp-content\/uploads\/2020\/10\/liviko_logo.png\",\"width\":515,\"height\":181,\"caption\":\"Liviko\"},\"image\":{\"@id\":\"https:\/\/liviko.eu\/et\/#\/schema\/logo\/image\/\"},\"sameAs\":[\"https:\/\/www.facebook.com\/LivikoDistillery\/\",\"https:\/\/www.instagram.com\/livikodistillery\",\"https:\/\/www.linkedin.com\/company\/liviko\/\",\"https:\/\/www.youtube.com\/channel\/UCnoHr-PaNxBHJO8nMDLVGuA\"]},{\"@type\":\"Person\",\"@id\":\"https:\/\/liviko.eu\/et\/#\/schema\/person\/84beb87931ee45abdac800ac4d648280\",\"name\":\"LoretteP\",\"image\":{\"@type\":\"ImageObject\",\"inLanguage\":\"et\",\"@id\":\"https:\/\/liviko.eu\/et\/#\/schema\/person\/image\/\",\"url\":\"https:\/\/secure.gravatar.com\/avatar\/c04e319e034c56e70253aa1390c527b7?s=96&d=mm&r=g\",\"contentUrl\":\"https:\/\/secure.gravatar.com\/avatar\/c04e319e034c56e70253aa1390c527b7?s=96&d=mm&r=g\",\"caption\":\"LoretteP\"}}]}<\/script>\n<!-- \/ Yoast SEO plugin. -->","yoast_head_json":{"title":"R\u00e9my Martin\u2019i ja Eesti Kontserdi uusaastakontsert andis alanud aastale heliseva avanoodi - Liviko","description":"Liviko on rahvusvaheline kiirelt arenev kvaliteetalkoholi grupp, mis m\u00fc\u00fcb omatooteid 60 turul ja esindab maailma juhtivaid kvaliteetalkoholi br\u00e4nde Baltimaades.","robots":{"index":"index","follow":"follow","max-snippet":"max-snippet:-1","max-image-preview":"max-image-preview:large","max-video-preview":"max-video-preview:-1"},"canonical":"https:\/\/liviko.eu\/et\/remy-martini-ja-eesti-kontserdi-uusaastakontsert-andis-alanud-aastale-heliseva-avanoodi\/","og_locale":"et_EE","og_type":"article","og_title":"R\u00e9my Martin\u2019i ja Eesti Kontserdi uusaastakontsert andis alanud aastale heliseva avanoodi - Liviko","og_description":"Liviko on rahvusvaheline kiirelt arenev kvaliteetalkoholi grupp, mis m\u00fc\u00fcb omatooteid 60 turul ja esindab maailma juhtivaid kvaliteetalkoholi br\u00e4nde Baltimaades.","og_url":"https:\/\/liviko.eu\/et\/remy-martini-ja-eesti-kontserdi-uusaastakontsert-andis-alanud-aastale-heliseva-avanoodi\/","og_site_name":"Liviko","article_publisher":"https:\/\/www.facebook.com\/LivikoDistillery\/","article_published_time":"2024-01-02T12:13:13+00:00","article_modified_time":"2024-01-03T08:41:26+00:00","og_image":[{"width":800,"height":530,"url":"https:\/\/liviko.eu\/wp-content\/uploads\/2024\/01\/800x530.jpg","type":"image\/jpeg"}],"author":"LoretteP","twitter_card":"summary_large_image","twitter_misc":{"Written by":"LoretteP","Est. reading time":"3 minutit"},"schema":{"@context":"https:\/\/schema.org","@graph":[{"@type":"NewsArticle","@id":"https:\/\/liviko.eu\/et\/remy-martini-ja-eesti-kontserdi-uusaastakontsert-andis-alanud-aastale-heliseva-avanoodi\/#article","isPartOf":{"@id":"https:\/\/liviko.eu\/et\/remy-martini-ja-eesti-kontserdi-uusaastakontsert-andis-alanud-aastale-heliseva-avanoodi\/"},"author":{"name":"LoretteP","@id":"https:\/\/liviko.eu\/et\/#\/schema\/person\/84beb87931ee45abdac800ac4d648280"},"headline":"R\u00e9my Martin\u2019i ja Eesti Kontserdi uusaastakontsert andis alanud aastale heliseva avanoodi","datePublished":"2024-01-02T12:13:13+00:00","dateModified":"2024-01-03T08:41:26+00:00","mainEntityOfPage":{"@id":"https:\/\/liviko.eu\/et\/remy-martini-ja-eesti-kontserdi-uusaastakontsert-andis-alanud-aastale-heliseva-avanoodi\/"},"wordCount":386,"publisher":{"@id":"https:\/\/liviko.eu\/et\/#organization"},"image":{"@id":"https:\/\/liviko.eu\/et\/remy-martini-ja-eesti-kontserdi-uusaastakontsert-andis-alanud-aastale-heliseva-avanoodi\/#primaryimage"},"thumbnailUrl":"https:\/\/liviko.eu\/wp-content\/uploads\/2024\/01\/800x530.jpg","articleSection":["Uncategorized @et"],"inLanguage":"et"},{"@type":"WebPage","@id":"https:\/\/liviko.eu\/et\/remy-martini-ja-eesti-kontserdi-uusaastakontsert-andis-alanud-aastale-heliseva-avanoodi\/","url":"https:\/\/liviko.eu\/et\/remy-martini-ja-eesti-kontserdi-uusaastakontsert-andis-alanud-aastale-heliseva-avanoodi\/","name":"R\u00e9my Martin\u2019i ja Eesti Kontserdi uusaastakontsert andis alanud aastale heliseva avanoodi - Liviko","isPartOf":{"@id":"https:\/\/liviko.eu\/et\/#website"},"primaryImageOfPage":{"@id":"https:\/\/liviko.eu\/et\/remy-martini-ja-eesti-kontserdi-uusaastakontsert-andis-alanud-aastale-heliseva-avanoodi\/#primaryimage"},"image":{"@id":"https:\/\/liviko.eu\/et\/remy-martini-ja-eesti-kontserdi-uusaastakontsert-andis-alanud-aastale-heliseva-avanoodi\/#primaryimage"},"thumbnailUrl":"https:\/\/liviko.eu\/wp-content\/uploads\/2024\/01\/800x530.jpg","datePublished":"2024-01-02T12:13:13+00:00","dateModified":"2024-01-03T08:41:26+00:00","description":"Liviko on rahvusvaheline kiirelt arenev kvaliteetalkoholi grupp, mis m\u00fc\u00fcb omatooteid 60 turul ja esindab maailma juhtivaid kvaliteetalkoholi br\u00e4nde Baltimaades.","breadcrumb":{"@id":"https:\/\/liviko.eu\/et\/remy-martini-ja-eesti-kontserdi-uusaastakontsert-andis-alanud-aastale-heliseva-avanoodi\/#breadcrumb"},"inLanguage":"et","potentialAction":[{"@type":"ReadAction","target":["https:\/\/liviko.eu\/et\/remy-martini-ja-eesti-kontserdi-uusaastakontsert-andis-alanud-aastale-heliseva-avanoodi\/"]}]},{"@type":"ImageObject","inLanguage":"et","@id":"https:\/\/liviko.eu\/et\/remy-martini-ja-eesti-kontserdi-uusaastakontsert-andis-alanud-aastale-heliseva-avanoodi\/#primaryimage","url":"https:\/\/liviko.eu\/wp-content\/uploads\/2024\/01\/800x530.jpg","contentUrl":"https:\/\/liviko.eu\/wp-content\/uploads\/2024\/01\/800x530.jpg","width":800,"height":530},{"@type":"BreadcrumbList","@id":"https:\/\/liviko.eu\/et\/remy-martini-ja-eesti-kontserdi-uusaastakontsert-andis-alanud-aastale-heliseva-avanoodi\/#breadcrumb","itemListElement":[{"@type":"ListItem","position":1,"name":"Home","item":"https:\/\/liviko.eu\/et\/"},{"@type":"ListItem","position":2,"name":"R\u00e9my Martin\u2019i ja Eesti Kontserdi uusaastakontsert andis alanud aastale heliseva avanoodi"}]},{"@type":"WebSite","@id":"https:\/\/liviko.eu\/et\/#website","url":"https:\/\/liviko.eu\/et\/","name":"Liviko","description":"anno 1898","publisher":{"@id":"https:\/\/liviko.eu\/et\/#organization"},"potentialAction":[{"@type":"SearchAction","target":{"@type":"EntryPoint","urlTemplate":"https:\/\/liviko.eu\/et\/?s={search_term_string}"},"query-input":{"@type":"PropertyValueSpecification","valueRequired":true,"valueName":"search_term_string"}}],"inLanguage":"et"},{"@type":"Organization","@id":"https:\/\/liviko.eu\/et\/#organization","name":"Liviko","url":"https:\/\/liviko.eu\/et\/","logo":{"@type":"ImageObject","inLanguage":"et","@id":"https:\/\/liviko.eu\/et\/#\/schema\/logo\/image\/","url":"https:\/\/liviko.eu\/wp-content\/uploads\/2020\/10\/liviko_logo.png","contentUrl":"https:\/\/liviko.eu\/wp-content\/uploads\/2020\/10\/liviko_logo.png","width":515,"height":181,"caption":"Liviko"},"image":{"@id":"https:\/\/liviko.eu\/et\/#\/schema\/logo\/image\/"},"sameAs":["https:\/\/www.facebook.com\/LivikoDistillery\/","https:\/\/www.instagram.com\/livikodistillery","https:\/\/www.linkedin.com\/company\/liviko\/","https:\/\/www.youtube.com\/channel\/UCnoHr-PaNxBHJO8nMDLVGuA"]},{"@type":"Person","@id":"https:\/\/liviko.eu\/et\/#\/schema\/person\/84beb87931ee45abdac800ac4d648280","name":"LoretteP","image":{"@type":"ImageObject","inLanguage":"et","@id":"https:\/\/liviko.eu\/et\/#\/schema\/person\/image\/","url":"https:\/\/secure.gravatar.com\/avatar\/c04e319e034c56e70253aa1390c527b7?s=96&d=mm&r=g","contentUrl":"https:\/\/secure.gravatar.com\/avatar\/c04e319e034c56e70253aa1390c527b7?s=96&d=mm&r=g","caption":"LoretteP"}}]}},"_links":{"self":[{"href":"https:\/\/liviko.eu\/et\/wp-json\/wp\/v2\/posts\/51552","targetHints":{"allow":["GET"]}}],"collection":[{"href":"https:\/\/liviko.eu\/et\/wp-json\/wp\/v2\/posts"}],"about":[{"href":"https:\/\/liviko.eu\/et\/wp-json\/wp\/v2\/types\/post"}],"author":[{"embeddable":true,"href":"https:\/\/liviko.eu\/et\/wp-json\/wp\/v2\/users\/8"}],"replies":[{"embeddable":true,"href":"https:\/\/liviko.eu\/et\/wp-json\/wp\/v2\/comments?post=51552"}],"version-history":[{"count":4,"href":"https:\/\/liviko.eu\/et\/wp-json\/wp\/v2\/posts\/51552\/revisions"}],"predecessor-version":[{"id":51592,"href":"https:\/\/liviko.eu\/et\/wp-json\/wp\/v2\/posts\/51552\/revisions\/51592"}],"wp:featuredmedia":[{"embeddable":true,"href":"https:\/\/liviko.eu\/et\/wp-json\/wp\/v2\/media\/51553"}],"wp:attachment":[{"href":"https:\/\/liviko.eu\/et\/wp-json\/wp\/v2\/media?parent=51552"}],"wp:term":[{"taxonomy":"category","embeddable":true,"href":"https:\/\/liviko.eu\/et\/wp-json\/wp\/v2\/categories?post=51552"},{"taxonomy":"post_tag","embeddable":true,"href":"https:\/\/liviko.eu\/et\/wp-json\/wp\/v2\/tags?post=51552"},{"taxonomy":"pagrindinis_gerimas","embeddable":true,"href":"https:\/\/liviko.eu\/et\/wp-json\/wp\/v2\/pagrindinis_gerimas?post=51552"},{"taxonomy":"skonis","embeddable":true,"href":"https:\/\/liviko.eu\/et\/wp-json\/wp\/v2\/skonis?post=51552"},{"taxonomy":"prekinis_zenklas","embeddable":true,"href":"https:\/\/liviko.eu\/et\/wp-json\/wp\/v2\/prekinis_zenklas?post=51552"}],"curies":[{"name":"wp","href":"https:\/\/api.w.org\/{rel}","templated":true}]}}