{"id":31406,"date":"2022-09-05T08:08:00","date_gmt":"2022-09-05T08:08:00","guid":{"rendered":"https:\/\/liviko.eu\/?p=31406"},"modified":"2022-09-07T08:09:39","modified_gmt":"2022-09-07T08:09:39","slug":"galerija-renginys-vana-tallinn-gala-uzpilde-estijos-nacionalines-operos-sale-operos-hitais-ir-zavesiu","status":"publish","type":"post","link":"https:\/\/liviko.eu\/lt\/galerija-renginys-vana-tallinn-gala-uzpilde-estijos-nacionalines-operos-sale-operos-hitais-ir-zavesiu\/","title":{"rendered":"Galerija: Renginys \u201eVana Tallinn Gala\u201c u\u017epild\u0117 Estijos nacionalin\u0117s operos sal\u0119 operos hitais ir \u017eavesiu"},"content":{"rendered":"\n<p><strong>Rugpj\u016b\u010dio 28 d.<\/strong><strong> jubiliejinis<\/strong><strong> renginys \u201eVana Tallinn Gala\u201c prad\u0117jo 117-\u0105j\u012f Estijos nacionalin\u0117s operos sezon\u0105. Jau de\u0161imt\u0105 kart\u0105 rengiamas operos gala koncertas yra ilgiausiai be pertraukos gyvuojantis klasikin\u0117s muzikos koncertas Estijoje. I\u0161kilmingo koncertinio vakaro metu Estijos nacionalin\u0117 opera ir bendrov\u0117 \u201eLiviko\u201c pasira\u0161\u0117 penkeri\u0173 met\u0173 r\u0117mimo sutart\u012f.<\/strong><\/p>\n\n\n\n<p>\u201eNacionalin\u0117 opera yra labai d\u0117kinga r\u0117m\u0117jams ir partneriams, su kuriais bendradarbiauja ilgus metus. Vienas i\u0161 j\u0173, neabejotinai, yra bendrov\u0117 \u201eLiviko\u201c. R\u0117m\u0117j\u0173 pagalba ir parama suteikia galimyb\u0119 \u012fgyvendinti i\u0161ties ka\u017ek\u0105 gra\u017eaus, \u012fsp\u016bdingo ir didingo, pavyzd\u017eiui, \u0161\u012f kasmetin\u012f rengin\u012f \u201eVana Tallinn Gala\u201c, kuris pritraukia itin didel\u0119 \u017ei\u016brov\u0173 auditorij\u0105\u201c, \u2013 d\u017eiaug\u0117si Estijos nacionalin\u0117s operos generalinis direktorius Ottas Maatenas.<\/p>\n\n\n\n<p>I\u0161skirtiniame koncertiniame vakare kaip solistai pasirod\u0117 tarptautiniuose dainavimo konkursuose pripa\u017eintas ir pasaulio operos scenose su\u017eib\u0117j\u0119s Ukrainos sopranas Olga Mykytenko, Latvijos nacionalin\u0117s operos solistas tenoras Raimonds Bramanis bei pla\u010diai pripa\u017eintas ir mylimas bosas Ainas Angeris. Muzik\u0105 atliko Estijos nacionalin\u0117s operos orkestras ir choras, dirigavo Arvo Volmeris.<\/p>\n\n\n\n<p>I\u0161kilmingo vakaro metu buvo pasira\u0161yta penkeri\u0173 met\u0173 bendradarbiavimo sutartis tarp bendrov\u0117s \u201eLiviko\u201c ir Estijos nacionalin\u0117s operos. Sutart\u012f pasira\u0161\u0117 bendrov\u0117s tarybos pirmininkas Ennas Kunila ir koncertin\u0117s \u012fstaigos generalinis direktorius Ottas Maatenas.<\/p>\n\n\n\n<p>\u201eJau daugiau nei de\u0161imtmet\u012f bendrov\u0117 \u201eLiviko\u201c yra pagrindinis Estijos nacionalin\u0117s operos r\u0117m\u0117jas, tod\u0117l labai d\u017eiaugiam\u0117s gal\u0117dami ir ateityje palaikyti auk\u0161to lygio muzikos ir teatro veikl\u0105. Kult\u016bros r\u0117mimas \u2013 tai ap\u010diuopiama galimyb\u0117 prisid\u0117ti prie gra\u017eesn\u0117s, k\u016brybi\u0161kesn\u0117s ir bendruomeni\u0161kos visuomen\u0117s formavimo. Renginys \u201eVana Tallinn Gala\u201c yra puikus s\u0117kmingo bendradarbiavimo pavyzdys, 2013 metais bendrai inicijuotas i\u0161kilmingas koncertas tapo operos sezono atidarymo renginiu, kuris itin laukiamas meloman\u0173\u201c, \u2013 mintimis dalinosi bendrov\u0117s \u201eLiviko\u201c tarybos pirmininkas Ennas Kunila.<\/p>\n\n\n\n<p>2013 metais, bendradarbiaujant Estijos nacionalinei operai ir bendrovei \u201eLiviko\u201c, \u012fvyko pirmasis koncertas \u201eVana Tallinn Gala\u201c. \u201eVana Tallinn Gala\u201c \u2013 tai ilgiausiai be pertraukos gyvuojantis klasikin\u0117s muzikos koncertas Estijoje. Bendrov\u0117 \u201eLiviko\u201c remia ne tik Estijos nacionalin\u0119 oper\u0105, bet ir, remdama Estijos meninink\u0173 s\u0105jung\u0105, Estijos radijo simfonin\u012f orkestr\u0105 ir kitus kult\u016brinius renginius, prisideda prie \u0161alies kult\u016bros propagavimo.<\/p>\n\n\n\n<p>Galerija:\u00a0<a href=\"https:\/\/eur03.safelinks.protection.outlook.com\/?url=https%3A%2F%2Fwww.dropbox.com%2Fsh%2Fycg27hm7tkoveuj%2FAACHQ6sz2o-Bc_TbtfSv3ha-a%3Fdl%3D0&amp;data=05%7C01%7Clorette.palutaja%40liviko.ee%7C8e09d0f3c06d43016b6208da89a68b6a%7C85404cde167b44e798a604fb4a66bfce%7C0%7C0%7C637973645655640331%7CUnknown%7CTWFpbGZsb3d8eyJWIjoiMC4wLjAwMDAiLCJQIjoiV2luMzIiLCJBTiI6Ik1haWwiLCJXVCI6Mn0%3D%7C3000%7C%7C%7C&amp;sdata=%2BrhDN7ZZRKeoM%2FkoffIHbk9IrL%2BxesmmrMB3uHzyq3Q%3D&amp;reserved=0\">https:\/\/www.dropbox.com\/sh\/ycg27hm7tkoveuj\/AACHQ6sz2o-Bc_TbtfSv3ha-a?dl=0<\/a>\u00a0 Kalev Lilleorg, Maksim Toome).<\/p>\n\n\n\n<div class=\"wp-block-image\"><figure class=\"aligncenter size-large is-resized\"><img fetchpriority=\"high\" decoding=\"async\" src=\"http:\/\/liviko.eu\/wp-content\/uploads\/2022\/08\/Vana-Tallinna-Gala-2022-Maksim-Toome-1443-1366x911.jpg\" alt=\"\" class=\"wp-image-31324\" width=\"683\" height=\"456\" srcset=\"https:\/\/liviko.eu\/wp-content\/uploads\/2022\/08\/Vana-Tallinna-Gala-2022-Maksim-Toome-1443-1366x911.jpg 1366w, https:\/\/liviko.eu\/wp-content\/uploads\/2022\/08\/Vana-Tallinna-Gala-2022-Maksim-Toome-1443-920x613.jpg 920w, https:\/\/liviko.eu\/wp-content\/uploads\/2022\/08\/Vana-Tallinna-Gala-2022-Maksim-Toome-1443-768x512.jpg 768w, https:\/\/liviko.eu\/wp-content\/uploads\/2022\/08\/Vana-Tallinna-Gala-2022-Maksim-Toome-1443-1536x1024.jpg 1536w, https:\/\/liviko.eu\/wp-content\/uploads\/2022\/08\/Vana-Tallinna-Gala-2022-Maksim-Toome-1443-2048x1365.jpg 2048w, https:\/\/liviko.eu\/wp-content\/uploads\/2022\/08\/Vana-Tallinna-Gala-2022-Maksim-Toome-1443-480x320.jpg 480w, https:\/\/liviko.eu\/wp-content\/uploads\/2022\/08\/Vana-Tallinna-Gala-2022-Maksim-Toome-1443-905x603.jpg 905w\" sizes=\"(max-width: 683px) 100vw, 683px\" \/><figcaption>Maksim Toome<\/figcaption><\/figure><\/div>\n","protected":false},"excerpt":{"rendered":"<p>Rugpj\u016b\u010dio 28 d. jubiliejinis renginys \u201eVana Tallinn Gala\u201c prad\u0117jo 117-\u0105j\u012f Estijos nacionalin\u0117s operos sezon\u0105. Jau de\u0161imt\u0105 kart\u0105 rengiamas operos gala koncertas yra ilgiausiai be pertraukos gyvuojantis klasikin\u0117s muzikos koncertas Estijoje. I\u0161kilmingo koncertinio vakaro metu Estijos nacionalin\u0117 opera ir bendrov\u0117 \u201eLiviko\u201c&#8230;<\/p>\n","protected":false},"author":8,"featured_media":31329,"comment_status":"closed","ping_status":"closed","sticky":false,"template":"","format":"standard","meta":{"_acf_changed":false,"inline_featured_image":false,"_monsterinsights_skip_tracking":false,"_monsterinsights_sitenote_active":false,"_monsterinsights_sitenote_note":"","_monsterinsights_sitenote_category":0,"footnotes":""},"categories":[17],"tags":[],"pagrindinis_gerimas":[],"skonis":[],"prekinis_zenklas":[],"class_list":["post-31406","post","type-post","status-publish","format-standard","has-post-thumbnail","hentry","category-uncategorized-lt"],"acf":[],"yoast_head":"<!-- This site is optimized with the Yoast SEO plugin v24.0 - https:\/\/yoast.com\/wordpress\/plugins\/seo\/ -->\n<title>Galerija: Renginys \u201eVana Tallinn Gala\u201c u\u017epild\u0117 Estijos nacionalin\u0117s operos sal\u0119 operos hitais ir \u017eavesiu - Liviko<\/title>\n<meta name=\"description\" content=\"Liviko on rahvusvaheline kiirelt arenev kvaliteetalkoholi grupp, mis m\u00fc\u00fcb omatooteid 60 turul ja esindab maailma juhtivaid kvaliteetalkoholi br\u00e4nde Baltimaades.\" \/>\n<meta name=\"robots\" content=\"index, follow, max-snippet:-1, max-image-preview:large, max-video-preview:-1\" \/>\n<link rel=\"canonical\" href=\"https:\/\/liviko.eu\/lt\/galerija-renginys-vana-tallinn-gala-uzpilde-estijos-nacionalines-operos-sale-operos-hitais-ir-zavesiu\/\" \/>\n<meta property=\"og:locale\" content=\"lt_LT\" \/>\n<meta property=\"og:type\" content=\"article\" \/>\n<meta property=\"og:title\" content=\"Galerija: Renginys \u201eVana Tallinn Gala\u201c u\u017epild\u0117 Estijos nacionalin\u0117s operos sal\u0119 operos hitais ir \u017eavesiu - Liviko\" \/>\n<meta property=\"og:description\" content=\"Liviko on rahvusvaheline kiirelt arenev kvaliteetalkoholi grupp, mis m\u00fc\u00fcb omatooteid 60 turul ja esindab maailma juhtivaid kvaliteetalkoholi br\u00e4nde Baltimaades.\" \/>\n<meta property=\"og:url\" content=\"https:\/\/liviko.eu\/lt\/galerija-renginys-vana-tallinn-gala-uzpilde-estijos-nacionalines-operos-sale-operos-hitais-ir-zavesiu\/\" \/>\n<meta property=\"og:site_name\" content=\"Liviko\" \/>\n<meta property=\"article:publisher\" content=\"https:\/\/www.facebook.com\/LivikoDistillery\/\" \/>\n<meta property=\"article:published_time\" content=\"2022-09-05T08:08:00+00:00\" \/>\n<meta property=\"article:modified_time\" content=\"2022-09-07T08:09:39+00:00\" \/>\n<meta property=\"og:image\" content=\"https:\/\/liviko.eu\/wp-content\/uploads\/2022\/08\/Liviko-uudise-kuljepilt.jpg\" \/>\n\t<meta property=\"og:image:width\" content=\"800\" \/>\n\t<meta property=\"og:image:height\" content=\"530\" \/>\n\t<meta property=\"og:image:type\" content=\"image\/jpeg\" \/>\n<meta name=\"author\" content=\"LoretteP\" \/>\n<meta name=\"twitter:card\" content=\"summary_large_image\" \/>\n<meta name=\"twitter:label1\" content=\"Written by\" \/>\n\t<meta name=\"twitter:data1\" content=\"LoretteP\" \/>\n\t<meta name=\"twitter:label2\" content=\"Est. reading time\" \/>\n\t<meta name=\"twitter:data2\" content=\"2 minut\u0117s\" \/>\n<script type=\"application\/ld+json\" class=\"yoast-schema-graph\">{\"@context\":\"https:\/\/schema.org\",\"@graph\":[{\"@type\":\"NewsArticle\",\"@id\":\"https:\/\/liviko.eu\/lt\/galerija-renginys-vana-tallinn-gala-uzpilde-estijos-nacionalines-operos-sale-operos-hitais-ir-zavesiu\/#article\",\"isPartOf\":{\"@id\":\"https:\/\/liviko.eu\/lt\/galerija-renginys-vana-tallinn-gala-uzpilde-estijos-nacionalines-operos-sale-operos-hitais-ir-zavesiu\/\"},\"author\":{\"name\":\"LoretteP\",\"@id\":\"https:\/\/liviko.eu\/lt\/#\/schema\/person\/84beb87931ee45abdac800ac4d648280\"},\"headline\":\"Galerija: Renginys \u201eVana Tallinn Gala\u201c u\u017epild\u0117 Estijos nacionalin\u0117s operos sal\u0119 operos hitais ir \u017eavesiu\",\"datePublished\":\"2022-09-05T08:08:00+00:00\",\"dateModified\":\"2022-09-07T08:09:39+00:00\",\"mainEntityOfPage\":{\"@id\":\"https:\/\/liviko.eu\/lt\/galerija-renginys-vana-tallinn-gala-uzpilde-estijos-nacionalines-operos-sale-operos-hitais-ir-zavesiu\/\"},\"wordCount\":395,\"publisher\":{\"@id\":\"https:\/\/liviko.eu\/lt\/#organization\"},\"image\":{\"@id\":\"https:\/\/liviko.eu\/lt\/galerija-renginys-vana-tallinn-gala-uzpilde-estijos-nacionalines-operos-sale-operos-hitais-ir-zavesiu\/#primaryimage\"},\"thumbnailUrl\":\"https:\/\/liviko.eu\/wp-content\/uploads\/2022\/08\/Liviko-uudise-kuljepilt.jpg\",\"articleSection\":[\"Uncategorized @lt\"],\"inLanguage\":\"lt-LT\"},{\"@type\":\"WebPage\",\"@id\":\"https:\/\/liviko.eu\/lt\/galerija-renginys-vana-tallinn-gala-uzpilde-estijos-nacionalines-operos-sale-operos-hitais-ir-zavesiu\/\",\"url\":\"https:\/\/liviko.eu\/lt\/galerija-renginys-vana-tallinn-gala-uzpilde-estijos-nacionalines-operos-sale-operos-hitais-ir-zavesiu\/\",\"name\":\"Galerija: Renginys \u201eVana Tallinn Gala\u201c u\u017epild\u0117 Estijos nacionalin\u0117s operos sal\u0119 operos hitais ir \u017eavesiu - Liviko\",\"isPartOf\":{\"@id\":\"https:\/\/liviko.eu\/lt\/#website\"},\"primaryImageOfPage\":{\"@id\":\"https:\/\/liviko.eu\/lt\/galerija-renginys-vana-tallinn-gala-uzpilde-estijos-nacionalines-operos-sale-operos-hitais-ir-zavesiu\/#primaryimage\"},\"image\":{\"@id\":\"https:\/\/liviko.eu\/lt\/galerija-renginys-vana-tallinn-gala-uzpilde-estijos-nacionalines-operos-sale-operos-hitais-ir-zavesiu\/#primaryimage\"},\"thumbnailUrl\":\"https:\/\/liviko.eu\/wp-content\/uploads\/2022\/08\/Liviko-uudise-kuljepilt.jpg\",\"datePublished\":\"2022-09-05T08:08:00+00:00\",\"dateModified\":\"2022-09-07T08:09:39+00:00\",\"description\":\"Liviko on rahvusvaheline kiirelt arenev kvaliteetalkoholi grupp, mis m\u00fc\u00fcb omatooteid 60 turul ja esindab maailma juhtivaid kvaliteetalkoholi br\u00e4nde Baltimaades.\",\"breadcrumb\":{\"@id\":\"https:\/\/liviko.eu\/lt\/galerija-renginys-vana-tallinn-gala-uzpilde-estijos-nacionalines-operos-sale-operos-hitais-ir-zavesiu\/#breadcrumb\"},\"inLanguage\":\"lt-LT\",\"potentialAction\":[{\"@type\":\"ReadAction\",\"target\":[\"https:\/\/liviko.eu\/lt\/galerija-renginys-vana-tallinn-gala-uzpilde-estijos-nacionalines-operos-sale-operos-hitais-ir-zavesiu\/\"]}]},{\"@type\":\"ImageObject\",\"inLanguage\":\"lt-LT\",\"@id\":\"https:\/\/liviko.eu\/lt\/galerija-renginys-vana-tallinn-gala-uzpilde-estijos-nacionalines-operos-sale-operos-hitais-ir-zavesiu\/#primaryimage\",\"url\":\"https:\/\/liviko.eu\/wp-content\/uploads\/2022\/08\/Liviko-uudise-kuljepilt.jpg\",\"contentUrl\":\"https:\/\/liviko.eu\/wp-content\/uploads\/2022\/08\/Liviko-uudise-kuljepilt.jpg\",\"width\":800,\"height\":530},{\"@type\":\"BreadcrumbList\",\"@id\":\"https:\/\/liviko.eu\/lt\/galerija-renginys-vana-tallinn-gala-uzpilde-estijos-nacionalines-operos-sale-operos-hitais-ir-zavesiu\/#breadcrumb\",\"itemListElement\":[{\"@type\":\"ListItem\",\"position\":1,\"name\":\"Home\",\"item\":\"https:\/\/liviko.eu\/lt\/\"},{\"@type\":\"ListItem\",\"position\":2,\"name\":\"Galerija: Renginys \u201eVana Tallinn Gala\u201c u\u017epild\u0117 Estijos nacionalin\u0117s operos sal\u0119 operos hitais ir \u017eavesiu\"}]},{\"@type\":\"WebSite\",\"@id\":\"https:\/\/liviko.eu\/lt\/#website\",\"url\":\"https:\/\/liviko.eu\/lt\/\",\"name\":\"Liviko\",\"description\":\"anno 1898\",\"publisher\":{\"@id\":\"https:\/\/liviko.eu\/lt\/#organization\"},\"potentialAction\":[{\"@type\":\"SearchAction\",\"target\":{\"@type\":\"EntryPoint\",\"urlTemplate\":\"https:\/\/liviko.eu\/lt\/?s={search_term_string}\"},\"query-input\":{\"@type\":\"PropertyValueSpecification\",\"valueRequired\":true,\"valueName\":\"search_term_string\"}}],\"inLanguage\":\"lt-LT\"},{\"@type\":\"Organization\",\"@id\":\"https:\/\/liviko.eu\/lt\/#organization\",\"name\":\"Liviko\",\"url\":\"https:\/\/liviko.eu\/lt\/\",\"logo\":{\"@type\":\"ImageObject\",\"inLanguage\":\"lt-LT\",\"@id\":\"https:\/\/liviko.eu\/lt\/#\/schema\/logo\/image\/\",\"url\":\"https:\/\/liviko.eu\/wp-content\/uploads\/2020\/10\/liviko_logo.png\",\"contentUrl\":\"https:\/\/liviko.eu\/wp-content\/uploads\/2020\/10\/liviko_logo.png\",\"width\":515,\"height\":181,\"caption\":\"Liviko\"},\"image\":{\"@id\":\"https:\/\/liviko.eu\/lt\/#\/schema\/logo\/image\/\"},\"sameAs\":[\"https:\/\/www.facebook.com\/LivikoDistillery\/\",\"https:\/\/www.instagram.com\/livikodistillery\",\"https:\/\/www.linkedin.com\/company\/liviko\/\",\"https:\/\/www.youtube.com\/channel\/UCnoHr-PaNxBHJO8nMDLVGuA\"]},{\"@type\":\"Person\",\"@id\":\"https:\/\/liviko.eu\/lt\/#\/schema\/person\/84beb87931ee45abdac800ac4d648280\",\"name\":\"LoretteP\",\"image\":{\"@type\":\"ImageObject\",\"inLanguage\":\"lt-LT\",\"@id\":\"https:\/\/liviko.eu\/lt\/#\/schema\/person\/image\/\",\"url\":\"https:\/\/secure.gravatar.com\/avatar\/c04e319e034c56e70253aa1390c527b7?s=96&d=mm&r=g\",\"contentUrl\":\"https:\/\/secure.gravatar.com\/avatar\/c04e319e034c56e70253aa1390c527b7?s=96&d=mm&r=g\",\"caption\":\"LoretteP\"}}]}<\/script>\n<!-- \/ Yoast SEO plugin. -->","yoast_head_json":{"title":"Galerija: Renginys \u201eVana Tallinn Gala\u201c u\u017epild\u0117 Estijos nacionalin\u0117s operos sal\u0119 operos hitais ir \u017eavesiu - Liviko","description":"Liviko on rahvusvaheline kiirelt arenev kvaliteetalkoholi grupp, mis m\u00fc\u00fcb omatooteid 60 turul ja esindab maailma juhtivaid kvaliteetalkoholi br\u00e4nde Baltimaades.","robots":{"index":"index","follow":"follow","max-snippet":"max-snippet:-1","max-image-preview":"max-image-preview:large","max-video-preview":"max-video-preview:-1"},"canonical":"https:\/\/liviko.eu\/lt\/galerija-renginys-vana-tallinn-gala-uzpilde-estijos-nacionalines-operos-sale-operos-hitais-ir-zavesiu\/","og_locale":"lt_LT","og_type":"article","og_title":"Galerija: Renginys \u201eVana Tallinn Gala\u201c u\u017epild\u0117 Estijos nacionalin\u0117s operos sal\u0119 operos hitais ir \u017eavesiu - Liviko","og_description":"Liviko on rahvusvaheline kiirelt arenev kvaliteetalkoholi grupp, mis m\u00fc\u00fcb omatooteid 60 turul ja esindab maailma juhtivaid kvaliteetalkoholi br\u00e4nde Baltimaades.","og_url":"https:\/\/liviko.eu\/lt\/galerija-renginys-vana-tallinn-gala-uzpilde-estijos-nacionalines-operos-sale-operos-hitais-ir-zavesiu\/","og_site_name":"Liviko","article_publisher":"https:\/\/www.facebook.com\/LivikoDistillery\/","article_published_time":"2022-09-05T08:08:00+00:00","article_modified_time":"2022-09-07T08:09:39+00:00","og_image":[{"width":800,"height":530,"url":"https:\/\/liviko.eu\/wp-content\/uploads\/2022\/08\/Liviko-uudise-kuljepilt.jpg","type":"image\/jpeg"}],"author":"LoretteP","twitter_card":"summary_large_image","twitter_misc":{"Written by":"LoretteP","Est. reading time":"2 minut\u0117s"},"schema":{"@context":"https:\/\/schema.org","@graph":[{"@type":"NewsArticle","@id":"https:\/\/liviko.eu\/lt\/galerija-renginys-vana-tallinn-gala-uzpilde-estijos-nacionalines-operos-sale-operos-hitais-ir-zavesiu\/#article","isPartOf":{"@id":"https:\/\/liviko.eu\/lt\/galerija-renginys-vana-tallinn-gala-uzpilde-estijos-nacionalines-operos-sale-operos-hitais-ir-zavesiu\/"},"author":{"name":"LoretteP","@id":"https:\/\/liviko.eu\/lt\/#\/schema\/person\/84beb87931ee45abdac800ac4d648280"},"headline":"Galerija: Renginys \u201eVana Tallinn Gala\u201c u\u017epild\u0117 Estijos nacionalin\u0117s operos sal\u0119 operos hitais ir \u017eavesiu","datePublished":"2022-09-05T08:08:00+00:00","dateModified":"2022-09-07T08:09:39+00:00","mainEntityOfPage":{"@id":"https:\/\/liviko.eu\/lt\/galerija-renginys-vana-tallinn-gala-uzpilde-estijos-nacionalines-operos-sale-operos-hitais-ir-zavesiu\/"},"wordCount":395,"publisher":{"@id":"https:\/\/liviko.eu\/lt\/#organization"},"image":{"@id":"https:\/\/liviko.eu\/lt\/galerija-renginys-vana-tallinn-gala-uzpilde-estijos-nacionalines-operos-sale-operos-hitais-ir-zavesiu\/#primaryimage"},"thumbnailUrl":"https:\/\/liviko.eu\/wp-content\/uploads\/2022\/08\/Liviko-uudise-kuljepilt.jpg","articleSection":["Uncategorized @lt"],"inLanguage":"lt-LT"},{"@type":"WebPage","@id":"https:\/\/liviko.eu\/lt\/galerija-renginys-vana-tallinn-gala-uzpilde-estijos-nacionalines-operos-sale-operos-hitais-ir-zavesiu\/","url":"https:\/\/liviko.eu\/lt\/galerija-renginys-vana-tallinn-gala-uzpilde-estijos-nacionalines-operos-sale-operos-hitais-ir-zavesiu\/","name":"Galerija: Renginys \u201eVana Tallinn Gala\u201c u\u017epild\u0117 Estijos nacionalin\u0117s operos sal\u0119 operos hitais ir \u017eavesiu - Liviko","isPartOf":{"@id":"https:\/\/liviko.eu\/lt\/#website"},"primaryImageOfPage":{"@id":"https:\/\/liviko.eu\/lt\/galerija-renginys-vana-tallinn-gala-uzpilde-estijos-nacionalines-operos-sale-operos-hitais-ir-zavesiu\/#primaryimage"},"image":{"@id":"https:\/\/liviko.eu\/lt\/galerija-renginys-vana-tallinn-gala-uzpilde-estijos-nacionalines-operos-sale-operos-hitais-ir-zavesiu\/#primaryimage"},"thumbnailUrl":"https:\/\/liviko.eu\/wp-content\/uploads\/2022\/08\/Liviko-uudise-kuljepilt.jpg","datePublished":"2022-09-05T08:08:00+00:00","dateModified":"2022-09-07T08:09:39+00:00","description":"Liviko on rahvusvaheline kiirelt arenev kvaliteetalkoholi grupp, mis m\u00fc\u00fcb omatooteid 60 turul ja esindab maailma juhtivaid kvaliteetalkoholi br\u00e4nde Baltimaades.","breadcrumb":{"@id":"https:\/\/liviko.eu\/lt\/galerija-renginys-vana-tallinn-gala-uzpilde-estijos-nacionalines-operos-sale-operos-hitais-ir-zavesiu\/#breadcrumb"},"inLanguage":"lt-LT","potentialAction":[{"@type":"ReadAction","target":["https:\/\/liviko.eu\/lt\/galerija-renginys-vana-tallinn-gala-uzpilde-estijos-nacionalines-operos-sale-operos-hitais-ir-zavesiu\/"]}]},{"@type":"ImageObject","inLanguage":"lt-LT","@id":"https:\/\/liviko.eu\/lt\/galerija-renginys-vana-tallinn-gala-uzpilde-estijos-nacionalines-operos-sale-operos-hitais-ir-zavesiu\/#primaryimage","url":"https:\/\/liviko.eu\/wp-content\/uploads\/2022\/08\/Liviko-uudise-kuljepilt.jpg","contentUrl":"https:\/\/liviko.eu\/wp-content\/uploads\/2022\/08\/Liviko-uudise-kuljepilt.jpg","width":800,"height":530},{"@type":"BreadcrumbList","@id":"https:\/\/liviko.eu\/lt\/galerija-renginys-vana-tallinn-gala-uzpilde-estijos-nacionalines-operos-sale-operos-hitais-ir-zavesiu\/#breadcrumb","itemListElement":[{"@type":"ListItem","position":1,"name":"Home","item":"https:\/\/liviko.eu\/lt\/"},{"@type":"ListItem","position":2,"name":"Galerija: Renginys \u201eVana Tallinn Gala\u201c u\u017epild\u0117 Estijos nacionalin\u0117s operos sal\u0119 operos hitais ir \u017eavesiu"}]},{"@type":"WebSite","@id":"https:\/\/liviko.eu\/lt\/#website","url":"https:\/\/liviko.eu\/lt\/","name":"Liviko","description":"anno 1898","publisher":{"@id":"https:\/\/liviko.eu\/lt\/#organization"},"potentialAction":[{"@type":"SearchAction","target":{"@type":"EntryPoint","urlTemplate":"https:\/\/liviko.eu\/lt\/?s={search_term_string}"},"query-input":{"@type":"PropertyValueSpecification","valueRequired":true,"valueName":"search_term_string"}}],"inLanguage":"lt-LT"},{"@type":"Organization","@id":"https:\/\/liviko.eu\/lt\/#organization","name":"Liviko","url":"https:\/\/liviko.eu\/lt\/","logo":{"@type":"ImageObject","inLanguage":"lt-LT","@id":"https:\/\/liviko.eu\/lt\/#\/schema\/logo\/image\/","url":"https:\/\/liviko.eu\/wp-content\/uploads\/2020\/10\/liviko_logo.png","contentUrl":"https:\/\/liviko.eu\/wp-content\/uploads\/2020\/10\/liviko_logo.png","width":515,"height":181,"caption":"Liviko"},"image":{"@id":"https:\/\/liviko.eu\/lt\/#\/schema\/logo\/image\/"},"sameAs":["https:\/\/www.facebook.com\/LivikoDistillery\/","https:\/\/www.instagram.com\/livikodistillery","https:\/\/www.linkedin.com\/company\/liviko\/","https:\/\/www.youtube.com\/channel\/UCnoHr-PaNxBHJO8nMDLVGuA"]},{"@type":"Person","@id":"https:\/\/liviko.eu\/lt\/#\/schema\/person\/84beb87931ee45abdac800ac4d648280","name":"LoretteP","image":{"@type":"ImageObject","inLanguage":"lt-LT","@id":"https:\/\/liviko.eu\/lt\/#\/schema\/person\/image\/","url":"https:\/\/secure.gravatar.com\/avatar\/c04e319e034c56e70253aa1390c527b7?s=96&d=mm&r=g","contentUrl":"https:\/\/secure.gravatar.com\/avatar\/c04e319e034c56e70253aa1390c527b7?s=96&d=mm&r=g","caption":"LoretteP"}}]}},"_links":{"self":[{"href":"https:\/\/liviko.eu\/lt\/wp-json\/wp\/v2\/posts\/31406","targetHints":{"allow":["GET"]}}],"collection":[{"href":"https:\/\/liviko.eu\/lt\/wp-json\/wp\/v2\/posts"}],"about":[{"href":"https:\/\/liviko.eu\/lt\/wp-json\/wp\/v2\/types\/post"}],"author":[{"embeddable":true,"href":"https:\/\/liviko.eu\/lt\/wp-json\/wp\/v2\/users\/8"}],"replies":[{"embeddable":true,"href":"https:\/\/liviko.eu\/lt\/wp-json\/wp\/v2\/comments?post=31406"}],"version-history":[{"count":2,"href":"https:\/\/liviko.eu\/lt\/wp-json\/wp\/v2\/posts\/31406\/revisions"}],"predecessor-version":[{"id":31408,"href":"https:\/\/liviko.eu\/lt\/wp-json\/wp\/v2\/posts\/31406\/revisions\/31408"}],"wp:featuredmedia":[{"embeddable":true,"href":"https:\/\/liviko.eu\/lt\/wp-json\/wp\/v2\/media\/31329"}],"wp:attachment":[{"href":"https:\/\/liviko.eu\/lt\/wp-json\/wp\/v2\/media?parent=31406"}],"wp:term":[{"taxonomy":"category","embeddable":true,"href":"https:\/\/liviko.eu\/lt\/wp-json\/wp\/v2\/categories?post=31406"},{"taxonomy":"post_tag","embeddable":true,"href":"https:\/\/liviko.eu\/lt\/wp-json\/wp\/v2\/tags?post=31406"},{"taxonomy":"pagrindinis_gerimas","embeddable":true,"href":"https:\/\/liviko.eu\/lt\/wp-json\/wp\/v2\/pagrindinis_gerimas?post=31406"},{"taxonomy":"skonis","embeddable":true,"href":"https:\/\/liviko.eu\/lt\/wp-json\/wp\/v2\/skonis?post=31406"},{"taxonomy":"prekinis_zenklas","embeddable":true,"href":"https:\/\/liviko.eu\/lt\/wp-json\/wp\/v2\/prekinis_zenklas?post=31406"}],"curies":[{"name":"wp","href":"https:\/\/api.w.org\/{rel}","templated":true}]}}