{"id":27039,"date":"2021-09-09T13:06:28","date_gmt":"2021-09-09T13:06:28","guid":{"rendered":"https:\/\/liviko.eu\/?p=27039"},"modified":"2021-09-09T13:07:11","modified_gmt":"2021-09-09T13:07:11","slug":"galerija-vana-tallinn-gala-pasakuma-operas-cienitaji-baudija-ekskluzivu-koncertuzvedumu-idomeneo","status":"publish","type":"post","link":"https:\/\/liviko.eu\/lv\/galerija-vana-tallinn-gala-pasakuma-operas-cienitaji-baudija-ekskluzivu-koncertuzvedumu-idomeneo\/","title":{"rendered":"Galerija: Vana Tallinn gal\u0101 pas\u0101kum\u0101 operas cien\u012bt\u0101ji baud\u012bja ekskluz\u012bvu koncertuzvedumu \u201cIdomeneo"},"content":{"rendered":"\n<p><strong>Dev\u012btaj\u0101 <em>Vana Tallinn<\/em> gal\u0101 pas\u0101kum\u0101 Igaunijas Nacion\u0101l\u0101 opera izr\u0101d\u012bja koncertuzvedumu \u201cIdomeneo\u201d, kas veidots p\u0113c Volfganga Amadeja Mocarta pirm\u0101s liel\u0101s, reti izpild\u012bt\u0101s operas mot\u012bviem. <\/strong><\/p>\n\n\n\n<p>\u201c\u201cLiviko\u201d jau desmit gadus bijis Nacion\u0101l\u0101s operas galvenais sponsors, un es priec\u0101jos, ka, neraugoties uz koronav\u012brusa izrais\u012bto kr\u012bzi, esam sp\u0113ju\u0161i turpin\u0101t sniegt atbalstu l\u012bdz\u0161in\u0113j\u0101 apm\u0113r\u0101. M\u016bsu kop\u012bgais, trad\u012bcij\u0101m apv\u012btais <em>Vana Tallinn<\/em> gal\u0101 \u0161ogad bija \u012bpa\u0161s, publikai pied\u0101v\u0101jot visaptvero\u0161u un iespaid\u012bgu koncertuzvedumu,\u201d sac\u012bja \u201cLiviko\u201d vad\u012bt\u0101js Janeks Kalvi (<em>Janek Kalvi<\/em>). &nbsp;&nbsp;<\/p>\n\n\n\n<p>Diri\u0123ents Risto Josts (Risto Joost) uzsver, ka Volfgangs Amadejs Mocarts ir viens no visu laiku talant\u012bg\u0101kajiem komponistiem, kura \u0123enialit\u0101te visspilgt\u0101k atkl\u0101jas tie\u0161i muzik\u0101l\u0101 te\u0101tra kontekst\u0101. \u201cKoncertiestud\u0113jum\u0101 \u201cIdomeneo\u201d varam par\u0101d\u012bt Igaunij\u0101 dz\u012bvojo\u0161o un str\u0101d\u0101jo\u0161o dzied\u0101t\u0101ju sast\u0101vu, no kuriem da\u017ei ir ar ilggad\u0113ju starptautisko pieredzi uz da\u017e\u0101du pasaules valstu skatuv\u0113m,\u201d sac\u012bja Josts.<\/p>\n\n\n\n<p>Re\u017eisors Veiko Tubins (<em>Veiko Tubin<\/em>) Mocarta dramatisko darbu veidojis k\u0101 gai\u0161u un vizu\u0101li aizraujo\u0161u gal\u0101 vakaru. K\u0101 solisti uzst\u0101j\u0101s Juhans Tralla (<em>Juhan Tralla<\/em>), Helena Lokuta (<em>Helen Lokuta<\/em>), Reigo Tams (<em>Reigo Tamm<\/em>), Elena Bra\u017enika (<em>Elena Bra\u017enik<\/em>) un citi m\u0101kslinieki.<\/p>\n\n\n\n<p><em>Vana Tallinn<\/em> gal\u0101 pas\u0101kums operas cien\u012bt\u0101ju vid\u016b k\u013cuvis par \u013coti gaid\u012btu m\u016bzikas notikumu, ko Igaunijas Nacion\u0101l\u0101 opera kop\u0101 ar galveno sponsoru \u201cLiviko\u201d organiz\u0113 jau dev\u012bto gadu. Koncertuzvedumu sv\u0113tdien uz te\u0101tra \u201cVanemuine\u201d skatuves var\u0113s v\u0113rot ar\u012b Dienvidigaunijas m\u016bzikas cien\u012bt\u0101ji.<\/p>\n\n\n\n<p>Papildus Igaunijas Nacion\u0101lajai operai uz\u0146\u0113mums AS \u201cLiviko\u201d savu artavu dod ar\u012b Igaunijas kult\u016bras veicin\u0101\u0161anai kopum\u0101, atbalstot ar\u012b Igaunijas M\u0101kslas muzeju, Igaunijas Rakstnieku savien\u012bbas rom\u0101nu konkursu, k\u0101 ar\u012b vair\u0101kus citus kult\u016bras pas\u0101kumus.<\/p>\n\n\n\n<p><strong>Galerija: <a href=\"https:\/\/www.dropbox.com\/sh\/z4zd31eh18xyvgn\/AADC7118961As34RUbgAUBeLa?dl=0\">https:\/\/www.dropbox.com\/sh\/z4zd31eh18xyvgn\/AADC7118961As34RUbgAUBeLa?dl=0<\/a><\/strong><br><strong><strong>Foto autori: Kretela K\u016bska (<em>Kretel Kuusk<\/em>), Rauno L\u012bvands (<em>Rauno Liivand<\/em>) <\/strong><\/strong><\/p>\n","protected":false},"excerpt":{"rendered":"<p>Dev\u012btaj\u0101 Vana Tallinn gal\u0101 pas\u0101kum\u0101 Igaunijas Nacion\u0101l\u0101 opera izr\u0101d\u012bja koncertuzvedumu \u201cIdomeneo\u201d, kas veidots p\u0113c Volfganga Amadeja Mocarta pirm\u0101s liel\u0101s, reti izpild\u012bt\u0101s operas mot\u012bviem. \u201c\u201cLiviko\u201d jau desmit gadus bijis Nacion\u0101l\u0101s operas galvenais sponsors, un es priec\u0101jos, ka, neraugoties uz koronav\u012brusa izrais\u012bto&#8230;<\/p>\n","protected":false},"author":8,"featured_media":27025,"comment_status":"closed","ping_status":"closed","sticky":false,"template":"","format":"standard","meta":{"_acf_changed":false,"inline_featured_image":false,"_monsterinsights_skip_tracking":false,"_monsterinsights_sitenote_active":false,"_monsterinsights_sitenote_note":"","_monsterinsights_sitenote_category":0,"footnotes":""},"categories":[16],"tags":[],"pagrindinis_gerimas":[],"skonis":[],"prekinis_zenklas":[],"class_list":["post-27039","post","type-post","status-publish","format-standard","has-post-thumbnail","hentry","category-uncategorized-lv"],"acf":[],"yoast_head":"<!-- This site is optimized with the Yoast SEO plugin v24.0 - https:\/\/yoast.com\/wordpress\/plugins\/seo\/ -->\n<title>Galerija: Vana Tallinn gal\u0101 pas\u0101kum\u0101 operas cien\u012bt\u0101ji baud\u012bja ekskluz\u012bvu koncertuzvedumu \u201cIdomeneo - Liviko<\/title>\n<meta name=\"description\" content=\"Liviko on rahvusvaheline kiirelt arenev kvaliteetalkoholi grupp, mis m\u00fc\u00fcb omatooteid 60 turul ja esindab maailma juhtivaid kvaliteetalkoholi br\u00e4nde Baltimaades.\" \/>\n<meta name=\"robots\" content=\"index, follow, max-snippet:-1, max-image-preview:large, max-video-preview:-1\" \/>\n<link rel=\"canonical\" href=\"https:\/\/liviko.eu\/lv\/galerija-vana-tallinn-gala-pasakuma-operas-cienitaji-baudija-ekskluzivu-koncertuzvedumu-idomeneo\/\" \/>\n<meta property=\"og:locale\" content=\"lv_LV\" \/>\n<meta property=\"og:type\" content=\"article\" \/>\n<meta property=\"og:title\" content=\"Galerija: Vana Tallinn gal\u0101 pas\u0101kum\u0101 operas cien\u012bt\u0101ji baud\u012bja ekskluz\u012bvu koncertuzvedumu \u201cIdomeneo - Liviko\" \/>\n<meta property=\"og:description\" content=\"Liviko on rahvusvaheline kiirelt arenev kvaliteetalkoholi grupp, mis m\u00fc\u00fcb omatooteid 60 turul ja esindab maailma juhtivaid kvaliteetalkoholi br\u00e4nde Baltimaades.\" \/>\n<meta property=\"og:url\" content=\"https:\/\/liviko.eu\/lv\/galerija-vana-tallinn-gala-pasakuma-operas-cienitaji-baudija-ekskluzivu-koncertuzvedumu-idomeneo\/\" \/>\n<meta property=\"og:site_name\" content=\"Liviko\" \/>\n<meta property=\"article:publisher\" content=\"https:\/\/www.facebook.com\/LivikoDistillery\/\" \/>\n<meta property=\"article:published_time\" content=\"2021-09-09T13:06:28+00:00\" \/>\n<meta property=\"article:modified_time\" content=\"2021-09-09T13:07:11+00:00\" \/>\n<meta property=\"og:image\" content=\"https:\/\/liviko.eu\/wp-content\/uploads\/2021\/08\/Untitled-1.jpg\" \/>\n\t<meta property=\"og:image:width\" content=\"1500\" \/>\n\t<meta property=\"og:image:height\" content=\"1180\" \/>\n\t<meta property=\"og:image:type\" content=\"image\/jpeg\" \/>\n<meta name=\"author\" content=\"LoretteP\" \/>\n<meta name=\"twitter:card\" content=\"summary_large_image\" \/>\n<meta name=\"twitter:label1\" content=\"Written by\" \/>\n\t<meta name=\"twitter:data1\" content=\"LoretteP\" \/>\n\t<meta name=\"twitter:label2\" content=\"Est. reading time\" \/>\n\t<meta name=\"twitter:data2\" content=\"2 minutes\" \/>\n<script type=\"application\/ld+json\" class=\"yoast-schema-graph\">{\"@context\":\"https:\/\/schema.org\",\"@graph\":[{\"@type\":\"NewsArticle\",\"@id\":\"https:\/\/liviko.eu\/lv\/galerija-vana-tallinn-gala-pasakuma-operas-cienitaji-baudija-ekskluzivu-koncertuzvedumu-idomeneo\/#article\",\"isPartOf\":{\"@id\":\"https:\/\/liviko.eu\/lv\/galerija-vana-tallinn-gala-pasakuma-operas-cienitaji-baudija-ekskluzivu-koncertuzvedumu-idomeneo\/\"},\"author\":{\"name\":\"LoretteP\",\"@id\":\"https:\/\/liviko.eu\/lv\/#\/schema\/person\/84beb87931ee45abdac800ac4d648280\"},\"headline\":\"Galerija: Vana Tallinn gal\u0101 pas\u0101kum\u0101 operas cien\u012bt\u0101ji baud\u012bja ekskluz\u012bvu koncertuzvedumu \u201cIdomeneo\",\"datePublished\":\"2021-09-09T13:06:28+00:00\",\"dateModified\":\"2021-09-09T13:07:11+00:00\",\"mainEntityOfPage\":{\"@id\":\"https:\/\/liviko.eu\/lv\/galerija-vana-tallinn-gala-pasakuma-operas-cienitaji-baudija-ekskluzivu-koncertuzvedumu-idomeneo\/\"},\"wordCount\":368,\"publisher\":{\"@id\":\"https:\/\/liviko.eu\/lv\/#organization\"},\"image\":{\"@id\":\"https:\/\/liviko.eu\/lv\/galerija-vana-tallinn-gala-pasakuma-operas-cienitaji-baudija-ekskluzivu-koncertuzvedumu-idomeneo\/#primaryimage\"},\"thumbnailUrl\":\"https:\/\/liviko.eu\/wp-content\/uploads\/2021\/08\/Untitled-1.jpg\",\"articleSection\":[\"Uncategorized @lv\"],\"inLanguage\":\"lv-LV\"},{\"@type\":\"WebPage\",\"@id\":\"https:\/\/liviko.eu\/lv\/galerija-vana-tallinn-gala-pasakuma-operas-cienitaji-baudija-ekskluzivu-koncertuzvedumu-idomeneo\/\",\"url\":\"https:\/\/liviko.eu\/lv\/galerija-vana-tallinn-gala-pasakuma-operas-cienitaji-baudija-ekskluzivu-koncertuzvedumu-idomeneo\/\",\"name\":\"Galerija: Vana Tallinn gal\u0101 pas\u0101kum\u0101 operas cien\u012bt\u0101ji baud\u012bja ekskluz\u012bvu koncertuzvedumu \u201cIdomeneo - Liviko\",\"isPartOf\":{\"@id\":\"https:\/\/liviko.eu\/lv\/#website\"},\"primaryImageOfPage\":{\"@id\":\"https:\/\/liviko.eu\/lv\/galerija-vana-tallinn-gala-pasakuma-operas-cienitaji-baudija-ekskluzivu-koncertuzvedumu-idomeneo\/#primaryimage\"},\"image\":{\"@id\":\"https:\/\/liviko.eu\/lv\/galerija-vana-tallinn-gala-pasakuma-operas-cienitaji-baudija-ekskluzivu-koncertuzvedumu-idomeneo\/#primaryimage\"},\"thumbnailUrl\":\"https:\/\/liviko.eu\/wp-content\/uploads\/2021\/08\/Untitled-1.jpg\",\"datePublished\":\"2021-09-09T13:06:28+00:00\",\"dateModified\":\"2021-09-09T13:07:11+00:00\",\"description\":\"Liviko on rahvusvaheline kiirelt arenev kvaliteetalkoholi grupp, mis m\u00fc\u00fcb omatooteid 60 turul ja esindab maailma juhtivaid kvaliteetalkoholi br\u00e4nde Baltimaades.\",\"breadcrumb\":{\"@id\":\"https:\/\/liviko.eu\/lv\/galerija-vana-tallinn-gala-pasakuma-operas-cienitaji-baudija-ekskluzivu-koncertuzvedumu-idomeneo\/#breadcrumb\"},\"inLanguage\":\"lv-LV\",\"potentialAction\":[{\"@type\":\"ReadAction\",\"target\":[\"https:\/\/liviko.eu\/lv\/galerija-vana-tallinn-gala-pasakuma-operas-cienitaji-baudija-ekskluzivu-koncertuzvedumu-idomeneo\/\"]}]},{\"@type\":\"ImageObject\",\"inLanguage\":\"lv-LV\",\"@id\":\"https:\/\/liviko.eu\/lv\/galerija-vana-tallinn-gala-pasakuma-operas-cienitaji-baudija-ekskluzivu-koncertuzvedumu-idomeneo\/#primaryimage\",\"url\":\"https:\/\/liviko.eu\/wp-content\/uploads\/2021\/08\/Untitled-1.jpg\",\"contentUrl\":\"https:\/\/liviko.eu\/wp-content\/uploads\/2021\/08\/Untitled-1.jpg\",\"width\":1500,\"height\":1180},{\"@type\":\"BreadcrumbList\",\"@id\":\"https:\/\/liviko.eu\/lv\/galerija-vana-tallinn-gala-pasakuma-operas-cienitaji-baudija-ekskluzivu-koncertuzvedumu-idomeneo\/#breadcrumb\",\"itemListElement\":[{\"@type\":\"ListItem\",\"position\":1,\"name\":\"Home\",\"item\":\"https:\/\/liviko.eu\/lv\/\"},{\"@type\":\"ListItem\",\"position\":2,\"name\":\"Galerija: Vana Tallinn gal\u0101 pas\u0101kum\u0101 operas cien\u012bt\u0101ji baud\u012bja ekskluz\u012bvu koncertuzvedumu \u201cIdomeneo\"}]},{\"@type\":\"WebSite\",\"@id\":\"https:\/\/liviko.eu\/lv\/#website\",\"url\":\"https:\/\/liviko.eu\/lv\/\",\"name\":\"Liviko\",\"description\":\"anno 1898\",\"publisher\":{\"@id\":\"https:\/\/liviko.eu\/lv\/#organization\"},\"potentialAction\":[{\"@type\":\"SearchAction\",\"target\":{\"@type\":\"EntryPoint\",\"urlTemplate\":\"https:\/\/liviko.eu\/lv\/?s={search_term_string}\"},\"query-input\":{\"@type\":\"PropertyValueSpecification\",\"valueRequired\":true,\"valueName\":\"search_term_string\"}}],\"inLanguage\":\"lv-LV\"},{\"@type\":\"Organization\",\"@id\":\"https:\/\/liviko.eu\/lv\/#organization\",\"name\":\"Liviko\",\"url\":\"https:\/\/liviko.eu\/lv\/\",\"logo\":{\"@type\":\"ImageObject\",\"inLanguage\":\"lv-LV\",\"@id\":\"https:\/\/liviko.eu\/lv\/#\/schema\/logo\/image\/\",\"url\":\"https:\/\/liviko.eu\/wp-content\/uploads\/2020\/10\/liviko_logo.png\",\"contentUrl\":\"https:\/\/liviko.eu\/wp-content\/uploads\/2020\/10\/liviko_logo.png\",\"width\":515,\"height\":181,\"caption\":\"Liviko\"},\"image\":{\"@id\":\"https:\/\/liviko.eu\/lv\/#\/schema\/logo\/image\/\"},\"sameAs\":[\"https:\/\/www.facebook.com\/LivikoDistillery\/\",\"https:\/\/www.instagram.com\/livikodistillery\",\"https:\/\/www.linkedin.com\/company\/liviko\/\",\"https:\/\/www.youtube.com\/channel\/UCnoHr-PaNxBHJO8nMDLVGuA\"]},{\"@type\":\"Person\",\"@id\":\"https:\/\/liviko.eu\/lv\/#\/schema\/person\/84beb87931ee45abdac800ac4d648280\",\"name\":\"LoretteP\",\"image\":{\"@type\":\"ImageObject\",\"inLanguage\":\"lv-LV\",\"@id\":\"https:\/\/liviko.eu\/lv\/#\/schema\/person\/image\/\",\"url\":\"https:\/\/secure.gravatar.com\/avatar\/c04e319e034c56e70253aa1390c527b7?s=96&d=mm&r=g\",\"contentUrl\":\"https:\/\/secure.gravatar.com\/avatar\/c04e319e034c56e70253aa1390c527b7?s=96&d=mm&r=g\",\"caption\":\"LoretteP\"}}]}<\/script>\n<!-- \/ Yoast SEO plugin. -->","yoast_head_json":{"title":"Galerija: Vana Tallinn gal\u0101 pas\u0101kum\u0101 operas cien\u012bt\u0101ji baud\u012bja ekskluz\u012bvu koncertuzvedumu \u201cIdomeneo - Liviko","description":"Liviko on rahvusvaheline kiirelt arenev kvaliteetalkoholi grupp, mis m\u00fc\u00fcb omatooteid 60 turul ja esindab maailma juhtivaid kvaliteetalkoholi br\u00e4nde Baltimaades.","robots":{"index":"index","follow":"follow","max-snippet":"max-snippet:-1","max-image-preview":"max-image-preview:large","max-video-preview":"max-video-preview:-1"},"canonical":"https:\/\/liviko.eu\/lv\/galerija-vana-tallinn-gala-pasakuma-operas-cienitaji-baudija-ekskluzivu-koncertuzvedumu-idomeneo\/","og_locale":"lv_LV","og_type":"article","og_title":"Galerija: Vana Tallinn gal\u0101 pas\u0101kum\u0101 operas cien\u012bt\u0101ji baud\u012bja ekskluz\u012bvu koncertuzvedumu \u201cIdomeneo - Liviko","og_description":"Liviko on rahvusvaheline kiirelt arenev kvaliteetalkoholi grupp, mis m\u00fc\u00fcb omatooteid 60 turul ja esindab maailma juhtivaid kvaliteetalkoholi br\u00e4nde Baltimaades.","og_url":"https:\/\/liviko.eu\/lv\/galerija-vana-tallinn-gala-pasakuma-operas-cienitaji-baudija-ekskluzivu-koncertuzvedumu-idomeneo\/","og_site_name":"Liviko","article_publisher":"https:\/\/www.facebook.com\/LivikoDistillery\/","article_published_time":"2021-09-09T13:06:28+00:00","article_modified_time":"2021-09-09T13:07:11+00:00","og_image":[{"width":1500,"height":1180,"url":"https:\/\/liviko.eu\/wp-content\/uploads\/2021\/08\/Untitled-1.jpg","type":"image\/jpeg"}],"author":"LoretteP","twitter_card":"summary_large_image","twitter_misc":{"Written by":"LoretteP","Est. reading time":"2 minutes"},"schema":{"@context":"https:\/\/schema.org","@graph":[{"@type":"NewsArticle","@id":"https:\/\/liviko.eu\/lv\/galerija-vana-tallinn-gala-pasakuma-operas-cienitaji-baudija-ekskluzivu-koncertuzvedumu-idomeneo\/#article","isPartOf":{"@id":"https:\/\/liviko.eu\/lv\/galerija-vana-tallinn-gala-pasakuma-operas-cienitaji-baudija-ekskluzivu-koncertuzvedumu-idomeneo\/"},"author":{"name":"LoretteP","@id":"https:\/\/liviko.eu\/lv\/#\/schema\/person\/84beb87931ee45abdac800ac4d648280"},"headline":"Galerija: Vana Tallinn gal\u0101 pas\u0101kum\u0101 operas cien\u012bt\u0101ji baud\u012bja ekskluz\u012bvu koncertuzvedumu \u201cIdomeneo","datePublished":"2021-09-09T13:06:28+00:00","dateModified":"2021-09-09T13:07:11+00:00","mainEntityOfPage":{"@id":"https:\/\/liviko.eu\/lv\/galerija-vana-tallinn-gala-pasakuma-operas-cienitaji-baudija-ekskluzivu-koncertuzvedumu-idomeneo\/"},"wordCount":368,"publisher":{"@id":"https:\/\/liviko.eu\/lv\/#organization"},"image":{"@id":"https:\/\/liviko.eu\/lv\/galerija-vana-tallinn-gala-pasakuma-operas-cienitaji-baudija-ekskluzivu-koncertuzvedumu-idomeneo\/#primaryimage"},"thumbnailUrl":"https:\/\/liviko.eu\/wp-content\/uploads\/2021\/08\/Untitled-1.jpg","articleSection":["Uncategorized @lv"],"inLanguage":"lv-LV"},{"@type":"WebPage","@id":"https:\/\/liviko.eu\/lv\/galerija-vana-tallinn-gala-pasakuma-operas-cienitaji-baudija-ekskluzivu-koncertuzvedumu-idomeneo\/","url":"https:\/\/liviko.eu\/lv\/galerija-vana-tallinn-gala-pasakuma-operas-cienitaji-baudija-ekskluzivu-koncertuzvedumu-idomeneo\/","name":"Galerija: Vana Tallinn gal\u0101 pas\u0101kum\u0101 operas cien\u012bt\u0101ji baud\u012bja ekskluz\u012bvu koncertuzvedumu \u201cIdomeneo - Liviko","isPartOf":{"@id":"https:\/\/liviko.eu\/lv\/#website"},"primaryImageOfPage":{"@id":"https:\/\/liviko.eu\/lv\/galerija-vana-tallinn-gala-pasakuma-operas-cienitaji-baudija-ekskluzivu-koncertuzvedumu-idomeneo\/#primaryimage"},"image":{"@id":"https:\/\/liviko.eu\/lv\/galerija-vana-tallinn-gala-pasakuma-operas-cienitaji-baudija-ekskluzivu-koncertuzvedumu-idomeneo\/#primaryimage"},"thumbnailUrl":"https:\/\/liviko.eu\/wp-content\/uploads\/2021\/08\/Untitled-1.jpg","datePublished":"2021-09-09T13:06:28+00:00","dateModified":"2021-09-09T13:07:11+00:00","description":"Liviko on rahvusvaheline kiirelt arenev kvaliteetalkoholi grupp, mis m\u00fc\u00fcb omatooteid 60 turul ja esindab maailma juhtivaid kvaliteetalkoholi br\u00e4nde Baltimaades.","breadcrumb":{"@id":"https:\/\/liviko.eu\/lv\/galerija-vana-tallinn-gala-pasakuma-operas-cienitaji-baudija-ekskluzivu-koncertuzvedumu-idomeneo\/#breadcrumb"},"inLanguage":"lv-LV","potentialAction":[{"@type":"ReadAction","target":["https:\/\/liviko.eu\/lv\/galerija-vana-tallinn-gala-pasakuma-operas-cienitaji-baudija-ekskluzivu-koncertuzvedumu-idomeneo\/"]}]},{"@type":"ImageObject","inLanguage":"lv-LV","@id":"https:\/\/liviko.eu\/lv\/galerija-vana-tallinn-gala-pasakuma-operas-cienitaji-baudija-ekskluzivu-koncertuzvedumu-idomeneo\/#primaryimage","url":"https:\/\/liviko.eu\/wp-content\/uploads\/2021\/08\/Untitled-1.jpg","contentUrl":"https:\/\/liviko.eu\/wp-content\/uploads\/2021\/08\/Untitled-1.jpg","width":1500,"height":1180},{"@type":"BreadcrumbList","@id":"https:\/\/liviko.eu\/lv\/galerija-vana-tallinn-gala-pasakuma-operas-cienitaji-baudija-ekskluzivu-koncertuzvedumu-idomeneo\/#breadcrumb","itemListElement":[{"@type":"ListItem","position":1,"name":"Home","item":"https:\/\/liviko.eu\/lv\/"},{"@type":"ListItem","position":2,"name":"Galerija: Vana Tallinn gal\u0101 pas\u0101kum\u0101 operas cien\u012bt\u0101ji baud\u012bja ekskluz\u012bvu koncertuzvedumu \u201cIdomeneo"}]},{"@type":"WebSite","@id":"https:\/\/liviko.eu\/lv\/#website","url":"https:\/\/liviko.eu\/lv\/","name":"Liviko","description":"anno 1898","publisher":{"@id":"https:\/\/liviko.eu\/lv\/#organization"},"potentialAction":[{"@type":"SearchAction","target":{"@type":"EntryPoint","urlTemplate":"https:\/\/liviko.eu\/lv\/?s={search_term_string}"},"query-input":{"@type":"PropertyValueSpecification","valueRequired":true,"valueName":"search_term_string"}}],"inLanguage":"lv-LV"},{"@type":"Organization","@id":"https:\/\/liviko.eu\/lv\/#organization","name":"Liviko","url":"https:\/\/liviko.eu\/lv\/","logo":{"@type":"ImageObject","inLanguage":"lv-LV","@id":"https:\/\/liviko.eu\/lv\/#\/schema\/logo\/image\/","url":"https:\/\/liviko.eu\/wp-content\/uploads\/2020\/10\/liviko_logo.png","contentUrl":"https:\/\/liviko.eu\/wp-content\/uploads\/2020\/10\/liviko_logo.png","width":515,"height":181,"caption":"Liviko"},"image":{"@id":"https:\/\/liviko.eu\/lv\/#\/schema\/logo\/image\/"},"sameAs":["https:\/\/www.facebook.com\/LivikoDistillery\/","https:\/\/www.instagram.com\/livikodistillery","https:\/\/www.linkedin.com\/company\/liviko\/","https:\/\/www.youtube.com\/channel\/UCnoHr-PaNxBHJO8nMDLVGuA"]},{"@type":"Person","@id":"https:\/\/liviko.eu\/lv\/#\/schema\/person\/84beb87931ee45abdac800ac4d648280","name":"LoretteP","image":{"@type":"ImageObject","inLanguage":"lv-LV","@id":"https:\/\/liviko.eu\/lv\/#\/schema\/person\/image\/","url":"https:\/\/secure.gravatar.com\/avatar\/c04e319e034c56e70253aa1390c527b7?s=96&d=mm&r=g","contentUrl":"https:\/\/secure.gravatar.com\/avatar\/c04e319e034c56e70253aa1390c527b7?s=96&d=mm&r=g","caption":"LoretteP"}}]}},"_links":{"self":[{"href":"https:\/\/liviko.eu\/lv\/wp-json\/wp\/v2\/posts\/27039","targetHints":{"allow":["GET"]}}],"collection":[{"href":"https:\/\/liviko.eu\/lv\/wp-json\/wp\/v2\/posts"}],"about":[{"href":"https:\/\/liviko.eu\/lv\/wp-json\/wp\/v2\/types\/post"}],"author":[{"embeddable":true,"href":"https:\/\/liviko.eu\/lv\/wp-json\/wp\/v2\/users\/8"}],"replies":[{"embeddable":true,"href":"https:\/\/liviko.eu\/lv\/wp-json\/wp\/v2\/comments?post=27039"}],"version-history":[{"count":3,"href":"https:\/\/liviko.eu\/lv\/wp-json\/wp\/v2\/posts\/27039\/revisions"}],"predecessor-version":[{"id":27042,"href":"https:\/\/liviko.eu\/lv\/wp-json\/wp\/v2\/posts\/27039\/revisions\/27042"}],"wp:featuredmedia":[{"embeddable":true,"href":"https:\/\/liviko.eu\/lv\/wp-json\/wp\/v2\/media\/27025"}],"wp:attachment":[{"href":"https:\/\/liviko.eu\/lv\/wp-json\/wp\/v2\/media?parent=27039"}],"wp:term":[{"taxonomy":"category","embeddable":true,"href":"https:\/\/liviko.eu\/lv\/wp-json\/wp\/v2\/categories?post=27039"},{"taxonomy":"post_tag","embeddable":true,"href":"https:\/\/liviko.eu\/lv\/wp-json\/wp\/v2\/tags?post=27039"},{"taxonomy":"pagrindinis_gerimas","embeddable":true,"href":"https:\/\/liviko.eu\/lv\/wp-json\/wp\/v2\/pagrindinis_gerimas?post=27039"},{"taxonomy":"skonis","embeddable":true,"href":"https:\/\/liviko.eu\/lv\/wp-json\/wp\/v2\/skonis?post=27039"},{"taxonomy":"prekinis_zenklas","embeddable":true,"href":"https:\/\/liviko.eu\/lv\/wp-json\/wp\/v2\/prekinis_zenklas?post=27039"}],"curies":[{"name":"wp","href":"https:\/\/api.w.org\/{rel}","templated":true}]}}