{"id":27725,"date":"2022-01-03T07:07:00","date_gmt":"2022-01-03T07:07:00","guid":{"rendered":"https:\/\/liviko.eu\/?p=27725"},"modified":"2022-01-24T07:08:22","modified_gmt":"2022-01-24T07:08:22","slug":"galerija-remy-martin-un-koncertorganizacijas-eesti-kontsert-jaungada-koncertu-skatitaji-noverte-ar-vetrainiem-aplausiem","status":"publish","type":"post","link":"https:\/\/liviko.eu\/lv\/galerija-remy-martin-un-koncertorganizacijas-eesti-kontsert-jaungada-koncertu-skatitaji-noverte-ar-vetrainiem-aplausiem\/","title":{"rendered":"Galerija: \u201cR\u00e9my Martin\u201d un koncertorganiz\u0101cijas \u201cEesti Kontsert\u201d Jaungada koncertu skat\u012bt\u0101ji nov\u0113rt\u0113 ar v\u0113trainiem aplausiem"},"content":{"rendered":"\n<p><strong>1. janv\u0101r\u012b koncertorganiz\u0101cijas \u201cEesti Kontsert\u201d koncertz\u0101l\u0113 izskan\u0113ja \u201cR\u00e9my Martin\u201d un \u201cEesti Kontsert\u201d Jaungada koncerts. Pirmaj\u0101 lielaj\u0101 jaun\u0101 gada kult\u016bras pas\u0101kum\u0101 tradicion\u0101li uzst\u0101j\u0101s Igaunijas Nacion\u0101lais simfoniskais or\u0137estris, vijoles solo \u2013 Tr\u012bne R\u016bbela-Lilleberga (<em>Triin Ruubel-Lilleberg<\/em>). Igaunijas Nacion\u0101l\u0101 simfonisk\u0101 or\u0137estra priek\u0161\u0101 pie diri\u0123enta pults debit\u0113ja daudziem talantiem apvelt\u012bt\u0101 k\u0101dreiz\u0113j\u0101 primabaler\u012bna un Kan\u0101das Nacion\u0101l\u0101 baleta viesdiri\u0123ente Marija Seleckaja (<em>Maria Seletskaja<\/em>).<\/strong><\/p>\n\n\n\n<p>Jaungada koncert\u0101 skan\u0113ja izmekl\u0113tas p\u0113rles no Bern\u0161teina, Guno, \u010caikovska, G\u013cinkas un daudzu citu komponistu dai\u013crades, bet vakaru vad\u012bja iem\u012b\u013cotais telev\u012bzijas raid\u012bjumu vad\u012bt\u0101js Marguss S\u0101rs (<em>Margus Saar<\/em>). Pateicoties Igaunijas sabiedriskajai raidorganiz\u0101cijai, koncerts pat\u012bkamus br\u012b\u017eus sniedza ne vien publikai, kas pulc\u0113j\u0101s koncertz\u0101l\u0113 \u201cEstonia\u201d, bet ar\u012b telev\u012bzijas skat\u012bt\u0101jiem ikvien\u0101 nam\u0101 \u2013 t\u0101 ir Jaungada trad\u012bcija, kas aizs\u0101k\u0101s 1996. gad\u0101.<\/p>\n\n\n\n<p>\u201cVeidojot Jaungada koncerta programmu, aizdom\u0101jos par jaun\u012bbas laiku, par gada pirm\u0101s dienas \u012bpa\u0161o valdzin\u0101jumu, kad izsak\u0101m savas slepen\u0101s v\u0113lmes un ceram, ka \u0161ogad t\u0101s piepild\u012bsies. M\u0113s tik\u0101mies ar skat\u012bt\u0101jiem \u0161aj\u0101 v\u0113lmju un v\u0113l\u0113jumu dien\u0101, t\u0101p\u0113c repertu\u0101ram izv\u0113l\u0113jos baleta m\u016bzikas \u012bstas p\u0113rles,\u201d st\u0101sta diri\u0123ente Marija Seleckaja.<\/p>\n\n\n\n<p>\u201cGadumij\u0101 m\u0113s ne tikai v\u0113lam viens otram visu lab\u0101ko, bet ar\u012b izvirz\u0101m sev maz\u0101kus un liel\u0101kus m\u0113r\u0137us. Ticu, ka m\u016bsu Jaungada koncerts d\u0101v\u0101ja neaizmirstamus un spilgtus piedz\u012bvojumus gan apmekl\u0113t\u0101jiem kl\u0101tien\u0113, gan visiem TV skat\u012bt\u0101jiem,\u201d saka \u201cEesti Kontsert\u201d direktore Kertu Orro (<em>Kertu Orro<\/em>).<\/p>\n\n\n\n<p>\u0160ogad pirmo reizi Jaungada koncerts tika veidots, sadarbojoties \u201cLiviko\u201d un \u201cEesti Kontsert\u201d, iem\u012b\u013cotajam koncertam pie\u0161\u0137irot nosaukumu \u201c\u201cR\u00e9my Martin\u201d un \u201cEesti Kontsert\u201d Jaungada koncerts\u201d. \u201c\u201cLiviko\u201d ir nol\u0113mis atbalst\u012bt sabiedriski noz\u012bm\u012bgus pas\u0101kumus un iev\u0113rojamus kult\u016bras notikumus, sniegt impulsu rado\u0161umam un nov\u0113rt\u0113t, saglab\u0101t j\u0113gpilno,\u201d sac\u012bja uz\u0146\u0113muma AS \u201cLiviko\u201d padomes priek\u0161s\u0113d\u0113t\u0101js Enns Kunila (<em>Enn Kunila<\/em>).<\/p>\n\n\n\n<p><strong>Galerija:&nbsp;<\/strong><a href=\"https:\/\/eur03.safelinks.protection.outlook.com\/?url=https%3A%2F%2Fbit.ly%2F3Hqk6wz&amp;data=04%7C01%7C%7Ca0036d1ae9394f5adeeb08d9d0425cf5%7C85404cde167b44e798a604fb4a66bfce%7C0%7C0%7C637769806641918787%7CUnknown%7CTWFpbGZsb3d8eyJWIjoiMC4wLjAwMDAiLCJQIjoiV2luMzIiLCJBTiI6Ik1haWwiLCJXVCI6Mn0%3D%7C2000&amp;sdata=eVgGnobcK60VxaHzBa3wwufCJkEPoOMEAOgQAuaXfWA%3D&amp;reserved=0\" target=\"_blank\" rel=\"noreferrer noopener\">https:\/\/bit.ly\/3Hqk6wz<\/a>&nbsp;(fotogr\u0101fi Kalevs Lilleorgs (<em>Kalev Lilleorg<\/em>) un Erlends \u0160taubs (<em>Erlend \u0160taub<\/em>)).<\/p>\n","protected":false},"excerpt":{"rendered":"<p>1. janv\u0101r\u012b koncertorganiz\u0101cijas \u201cEesti Kontsert\u201d koncertz\u0101l\u0113 izskan\u0113ja \u201cR\u00e9my Martin\u201d un \u201cEesti Kontsert\u201d Jaungada koncerts. Pirmaj\u0101 lielaj\u0101 jaun\u0101 gada kult\u016bras pas\u0101kum\u0101 tradicion\u0101li uzst\u0101j\u0101s Igaunijas Nacion\u0101lais simfoniskais or\u0137estris, vijoles solo \u2013 Tr\u012bne R\u016bbela-Lilleberga (Triin Ruubel-Lilleberg). Igaunijas Nacion\u0101l\u0101 simfonisk\u0101 or\u0137estra priek\u0161\u0101 pie diri\u0123enta&#8230;<\/p>\n","protected":false},"author":8,"featured_media":27642,"comment_status":"closed","ping_status":"closed","sticky":false,"template":"","format":"standard","meta":{"_acf_changed":false,"inline_featured_image":false,"_monsterinsights_skip_tracking":false,"_monsterinsights_sitenote_active":false,"_monsterinsights_sitenote_note":"","_monsterinsights_sitenote_category":0,"footnotes":""},"categories":[16],"tags":[],"pagrindinis_gerimas":[],"skonis":[],"prekinis_zenklas":[],"class_list":["post-27725","post","type-post","status-publish","format-standard","has-post-thumbnail","hentry","category-uncategorized-lv"],"acf":[],"yoast_head":"<!-- This site is optimized with the Yoast SEO plugin v24.0 - https:\/\/yoast.com\/wordpress\/plugins\/seo\/ -->\n<title>Galerija: \u201cR\u00e9my Martin\u201d un koncertorganiz\u0101cijas \u201cEesti Kontsert\u201d Jaungada koncertu skat\u012bt\u0101ji nov\u0113rt\u0113 ar v\u0113trainiem aplausiem - Liviko<\/title>\n<meta name=\"description\" content=\"Liviko on rahvusvaheline kiirelt arenev kvaliteetalkoholi grupp, mis m\u00fc\u00fcb omatooteid 60 turul ja esindab maailma juhtivaid kvaliteetalkoholi br\u00e4nde Baltimaades.\" \/>\n<meta name=\"robots\" content=\"index, follow, max-snippet:-1, max-image-preview:large, max-video-preview:-1\" \/>\n<link rel=\"canonical\" href=\"https:\/\/liviko.eu\/lv\/galerija-remy-martin-un-koncertorganizacijas-eesti-kontsert-jaungada-koncertu-skatitaji-noverte-ar-vetrainiem-aplausiem\/\" \/>\n<meta property=\"og:locale\" content=\"lv_LV\" \/>\n<meta property=\"og:type\" content=\"article\" \/>\n<meta property=\"og:title\" content=\"Galerija: \u201cR\u00e9my Martin\u201d un koncertorganiz\u0101cijas \u201cEesti Kontsert\u201d Jaungada koncertu skat\u012bt\u0101ji nov\u0113rt\u0113 ar v\u0113trainiem aplausiem - Liviko\" \/>\n<meta property=\"og:description\" content=\"Liviko on rahvusvaheline kiirelt arenev kvaliteetalkoholi grupp, mis m\u00fc\u00fcb omatooteid 60 turul ja esindab maailma juhtivaid kvaliteetalkoholi br\u00e4nde Baltimaades.\" \/>\n<meta property=\"og:url\" content=\"https:\/\/liviko.eu\/lv\/galerija-remy-martin-un-koncertorganizacijas-eesti-kontsert-jaungada-koncertu-skatitaji-noverte-ar-vetrainiem-aplausiem\/\" \/>\n<meta property=\"og:site_name\" content=\"Liviko\" \/>\n<meta property=\"article:publisher\" content=\"https:\/\/www.facebook.com\/LivikoDistillery\/\" \/>\n<meta property=\"article:published_time\" content=\"2022-01-03T07:07:00+00:00\" \/>\n<meta property=\"article:modified_time\" content=\"2022-01-24T07:08:22+00:00\" \/>\n<meta property=\"og:image\" content=\"https:\/\/liviko.eu\/wp-content\/uploads\/2022\/01\/9WbbqJ-M.jpeg\" \/>\n\t<meta property=\"og:image:width\" content=\"2500\" \/>\n\t<meta property=\"og:image:height\" content=\"1667\" \/>\n\t<meta property=\"og:image:type\" content=\"image\/jpeg\" \/>\n<meta name=\"author\" content=\"LoretteP\" \/>\n<meta name=\"twitter:card\" content=\"summary_large_image\" \/>\n<meta name=\"twitter:label1\" content=\"Written by\" \/>\n\t<meta name=\"twitter:data1\" content=\"LoretteP\" \/>\n\t<meta name=\"twitter:label2\" content=\"Est. reading time\" \/>\n\t<meta name=\"twitter:data2\" content=\"2 minutes\" \/>\n<script type=\"application\/ld+json\" class=\"yoast-schema-graph\">{\"@context\":\"https:\/\/schema.org\",\"@graph\":[{\"@type\":\"NewsArticle\",\"@id\":\"https:\/\/liviko.eu\/lv\/galerija-remy-martin-un-koncertorganizacijas-eesti-kontsert-jaungada-koncertu-skatitaji-noverte-ar-vetrainiem-aplausiem\/#article\",\"isPartOf\":{\"@id\":\"https:\/\/liviko.eu\/lv\/galerija-remy-martin-un-koncertorganizacijas-eesti-kontsert-jaungada-koncertu-skatitaji-noverte-ar-vetrainiem-aplausiem\/\"},\"author\":{\"name\":\"LoretteP\",\"@id\":\"https:\/\/liviko.eu\/lv\/#\/schema\/person\/84beb87931ee45abdac800ac4d648280\"},\"headline\":\"Galerija: \u201cR\u00e9my Martin\u201d un koncertorganiz\u0101cijas \u201cEesti Kontsert\u201d Jaungada koncertu skat\u012bt\u0101ji nov\u0113rt\u0113 ar v\u0113trainiem aplausiem\",\"datePublished\":\"2022-01-03T07:07:00+00:00\",\"dateModified\":\"2022-01-24T07:08:22+00:00\",\"mainEntityOfPage\":{\"@id\":\"https:\/\/liviko.eu\/lv\/galerija-remy-martin-un-koncertorganizacijas-eesti-kontsert-jaungada-koncertu-skatitaji-noverte-ar-vetrainiem-aplausiem\/\"},\"wordCount\":399,\"publisher\":{\"@id\":\"https:\/\/liviko.eu\/lv\/#organization\"},\"image\":{\"@id\":\"https:\/\/liviko.eu\/lv\/galerija-remy-martin-un-koncertorganizacijas-eesti-kontsert-jaungada-koncertu-skatitaji-noverte-ar-vetrainiem-aplausiem\/#primaryimage\"},\"thumbnailUrl\":\"https:\/\/liviko.eu\/wp-content\/uploads\/2022\/01\/9WbbqJ-M.jpeg\",\"articleSection\":[\"Uncategorized @lv\"],\"inLanguage\":\"lv-LV\"},{\"@type\":\"WebPage\",\"@id\":\"https:\/\/liviko.eu\/lv\/galerija-remy-martin-un-koncertorganizacijas-eesti-kontsert-jaungada-koncertu-skatitaji-noverte-ar-vetrainiem-aplausiem\/\",\"url\":\"https:\/\/liviko.eu\/lv\/galerija-remy-martin-un-koncertorganizacijas-eesti-kontsert-jaungada-koncertu-skatitaji-noverte-ar-vetrainiem-aplausiem\/\",\"name\":\"Galerija: \u201cR\u00e9my Martin\u201d un koncertorganiz\u0101cijas \u201cEesti Kontsert\u201d Jaungada koncertu skat\u012bt\u0101ji nov\u0113rt\u0113 ar v\u0113trainiem aplausiem - Liviko\",\"isPartOf\":{\"@id\":\"https:\/\/liviko.eu\/lv\/#website\"},\"primaryImageOfPage\":{\"@id\":\"https:\/\/liviko.eu\/lv\/galerija-remy-martin-un-koncertorganizacijas-eesti-kontsert-jaungada-koncertu-skatitaji-noverte-ar-vetrainiem-aplausiem\/#primaryimage\"},\"image\":{\"@id\":\"https:\/\/liviko.eu\/lv\/galerija-remy-martin-un-koncertorganizacijas-eesti-kontsert-jaungada-koncertu-skatitaji-noverte-ar-vetrainiem-aplausiem\/#primaryimage\"},\"thumbnailUrl\":\"https:\/\/liviko.eu\/wp-content\/uploads\/2022\/01\/9WbbqJ-M.jpeg\",\"datePublished\":\"2022-01-03T07:07:00+00:00\",\"dateModified\":\"2022-01-24T07:08:22+00:00\",\"description\":\"Liviko on rahvusvaheline kiirelt arenev kvaliteetalkoholi grupp, mis m\u00fc\u00fcb omatooteid 60 turul ja esindab maailma juhtivaid kvaliteetalkoholi br\u00e4nde Baltimaades.\",\"breadcrumb\":{\"@id\":\"https:\/\/liviko.eu\/lv\/galerija-remy-martin-un-koncertorganizacijas-eesti-kontsert-jaungada-koncertu-skatitaji-noverte-ar-vetrainiem-aplausiem\/#breadcrumb\"},\"inLanguage\":\"lv-LV\",\"potentialAction\":[{\"@type\":\"ReadAction\",\"target\":[\"https:\/\/liviko.eu\/lv\/galerija-remy-martin-un-koncertorganizacijas-eesti-kontsert-jaungada-koncertu-skatitaji-noverte-ar-vetrainiem-aplausiem\/\"]}]},{\"@type\":\"ImageObject\",\"inLanguage\":\"lv-LV\",\"@id\":\"https:\/\/liviko.eu\/lv\/galerija-remy-martin-un-koncertorganizacijas-eesti-kontsert-jaungada-koncertu-skatitaji-noverte-ar-vetrainiem-aplausiem\/#primaryimage\",\"url\":\"https:\/\/liviko.eu\/wp-content\/uploads\/2022\/01\/9WbbqJ-M.jpeg\",\"contentUrl\":\"https:\/\/liviko.eu\/wp-content\/uploads\/2022\/01\/9WbbqJ-M.jpeg\",\"width\":2500,\"height\":1667},{\"@type\":\"BreadcrumbList\",\"@id\":\"https:\/\/liviko.eu\/lv\/galerija-remy-martin-un-koncertorganizacijas-eesti-kontsert-jaungada-koncertu-skatitaji-noverte-ar-vetrainiem-aplausiem\/#breadcrumb\",\"itemListElement\":[{\"@type\":\"ListItem\",\"position\":1,\"name\":\"Home\",\"item\":\"https:\/\/liviko.eu\/lv\/\"},{\"@type\":\"ListItem\",\"position\":2,\"name\":\"Galerija: \u201cR\u00e9my Martin\u201d un koncertorganiz\u0101cijas \u201cEesti Kontsert\u201d Jaungada koncertu skat\u012bt\u0101ji nov\u0113rt\u0113 ar v\u0113trainiem aplausiem\"}]},{\"@type\":\"WebSite\",\"@id\":\"https:\/\/liviko.eu\/lv\/#website\",\"url\":\"https:\/\/liviko.eu\/lv\/\",\"name\":\"Liviko\",\"description\":\"anno 1898\",\"publisher\":{\"@id\":\"https:\/\/liviko.eu\/lv\/#organization\"},\"potentialAction\":[{\"@type\":\"SearchAction\",\"target\":{\"@type\":\"EntryPoint\",\"urlTemplate\":\"https:\/\/liviko.eu\/lv\/?s={search_term_string}\"},\"query-input\":{\"@type\":\"PropertyValueSpecification\",\"valueRequired\":true,\"valueName\":\"search_term_string\"}}],\"inLanguage\":\"lv-LV\"},{\"@type\":\"Organization\",\"@id\":\"https:\/\/liviko.eu\/lv\/#organization\",\"name\":\"Liviko\",\"url\":\"https:\/\/liviko.eu\/lv\/\",\"logo\":{\"@type\":\"ImageObject\",\"inLanguage\":\"lv-LV\",\"@id\":\"https:\/\/liviko.eu\/lv\/#\/schema\/logo\/image\/\",\"url\":\"https:\/\/liviko.eu\/wp-content\/uploads\/2020\/10\/liviko_logo.png\",\"contentUrl\":\"https:\/\/liviko.eu\/wp-content\/uploads\/2020\/10\/liviko_logo.png\",\"width\":515,\"height\":181,\"caption\":\"Liviko\"},\"image\":{\"@id\":\"https:\/\/liviko.eu\/lv\/#\/schema\/logo\/image\/\"},\"sameAs\":[\"https:\/\/www.facebook.com\/LivikoDistillery\/\",\"https:\/\/www.instagram.com\/livikodistillery\",\"https:\/\/www.linkedin.com\/company\/liviko\/\",\"https:\/\/www.youtube.com\/channel\/UCnoHr-PaNxBHJO8nMDLVGuA\"]},{\"@type\":\"Person\",\"@id\":\"https:\/\/liviko.eu\/lv\/#\/schema\/person\/84beb87931ee45abdac800ac4d648280\",\"name\":\"LoretteP\",\"image\":{\"@type\":\"ImageObject\",\"inLanguage\":\"lv-LV\",\"@id\":\"https:\/\/liviko.eu\/lv\/#\/schema\/person\/image\/\",\"url\":\"https:\/\/secure.gravatar.com\/avatar\/c04e319e034c56e70253aa1390c527b7?s=96&d=mm&r=g\",\"contentUrl\":\"https:\/\/secure.gravatar.com\/avatar\/c04e319e034c56e70253aa1390c527b7?s=96&d=mm&r=g\",\"caption\":\"LoretteP\"}}]}<\/script>\n<!-- \/ Yoast SEO plugin. -->","yoast_head_json":{"title":"Galerija: \u201cR\u00e9my Martin\u201d un koncertorganiz\u0101cijas \u201cEesti Kontsert\u201d Jaungada koncertu skat\u012bt\u0101ji nov\u0113rt\u0113 ar v\u0113trainiem aplausiem - Liviko","description":"Liviko on rahvusvaheline kiirelt arenev kvaliteetalkoholi grupp, mis m\u00fc\u00fcb omatooteid 60 turul ja esindab maailma juhtivaid kvaliteetalkoholi br\u00e4nde Baltimaades.","robots":{"index":"index","follow":"follow","max-snippet":"max-snippet:-1","max-image-preview":"max-image-preview:large","max-video-preview":"max-video-preview:-1"},"canonical":"https:\/\/liviko.eu\/lv\/galerija-remy-martin-un-koncertorganizacijas-eesti-kontsert-jaungada-koncertu-skatitaji-noverte-ar-vetrainiem-aplausiem\/","og_locale":"lv_LV","og_type":"article","og_title":"Galerija: \u201cR\u00e9my Martin\u201d un koncertorganiz\u0101cijas \u201cEesti Kontsert\u201d Jaungada koncertu skat\u012bt\u0101ji nov\u0113rt\u0113 ar v\u0113trainiem aplausiem - Liviko","og_description":"Liviko on rahvusvaheline kiirelt arenev kvaliteetalkoholi grupp, mis m\u00fc\u00fcb omatooteid 60 turul ja esindab maailma juhtivaid kvaliteetalkoholi br\u00e4nde Baltimaades.","og_url":"https:\/\/liviko.eu\/lv\/galerija-remy-martin-un-koncertorganizacijas-eesti-kontsert-jaungada-koncertu-skatitaji-noverte-ar-vetrainiem-aplausiem\/","og_site_name":"Liviko","article_publisher":"https:\/\/www.facebook.com\/LivikoDistillery\/","article_published_time":"2022-01-03T07:07:00+00:00","article_modified_time":"2022-01-24T07:08:22+00:00","og_image":[{"width":2500,"height":1667,"url":"https:\/\/liviko.eu\/wp-content\/uploads\/2022\/01\/9WbbqJ-M.jpeg","type":"image\/jpeg"}],"author":"LoretteP","twitter_card":"summary_large_image","twitter_misc":{"Written by":"LoretteP","Est. reading time":"2 minutes"},"schema":{"@context":"https:\/\/schema.org","@graph":[{"@type":"NewsArticle","@id":"https:\/\/liviko.eu\/lv\/galerija-remy-martin-un-koncertorganizacijas-eesti-kontsert-jaungada-koncertu-skatitaji-noverte-ar-vetrainiem-aplausiem\/#article","isPartOf":{"@id":"https:\/\/liviko.eu\/lv\/galerija-remy-martin-un-koncertorganizacijas-eesti-kontsert-jaungada-koncertu-skatitaji-noverte-ar-vetrainiem-aplausiem\/"},"author":{"name":"LoretteP","@id":"https:\/\/liviko.eu\/lv\/#\/schema\/person\/84beb87931ee45abdac800ac4d648280"},"headline":"Galerija: \u201cR\u00e9my Martin\u201d un koncertorganiz\u0101cijas \u201cEesti Kontsert\u201d Jaungada koncertu skat\u012bt\u0101ji nov\u0113rt\u0113 ar v\u0113trainiem aplausiem","datePublished":"2022-01-03T07:07:00+00:00","dateModified":"2022-01-24T07:08:22+00:00","mainEntityOfPage":{"@id":"https:\/\/liviko.eu\/lv\/galerija-remy-martin-un-koncertorganizacijas-eesti-kontsert-jaungada-koncertu-skatitaji-noverte-ar-vetrainiem-aplausiem\/"},"wordCount":399,"publisher":{"@id":"https:\/\/liviko.eu\/lv\/#organization"},"image":{"@id":"https:\/\/liviko.eu\/lv\/galerija-remy-martin-un-koncertorganizacijas-eesti-kontsert-jaungada-koncertu-skatitaji-noverte-ar-vetrainiem-aplausiem\/#primaryimage"},"thumbnailUrl":"https:\/\/liviko.eu\/wp-content\/uploads\/2022\/01\/9WbbqJ-M.jpeg","articleSection":["Uncategorized @lv"],"inLanguage":"lv-LV"},{"@type":"WebPage","@id":"https:\/\/liviko.eu\/lv\/galerija-remy-martin-un-koncertorganizacijas-eesti-kontsert-jaungada-koncertu-skatitaji-noverte-ar-vetrainiem-aplausiem\/","url":"https:\/\/liviko.eu\/lv\/galerija-remy-martin-un-koncertorganizacijas-eesti-kontsert-jaungada-koncertu-skatitaji-noverte-ar-vetrainiem-aplausiem\/","name":"Galerija: \u201cR\u00e9my Martin\u201d un koncertorganiz\u0101cijas \u201cEesti Kontsert\u201d Jaungada koncertu skat\u012bt\u0101ji nov\u0113rt\u0113 ar v\u0113trainiem aplausiem - Liviko","isPartOf":{"@id":"https:\/\/liviko.eu\/lv\/#website"},"primaryImageOfPage":{"@id":"https:\/\/liviko.eu\/lv\/galerija-remy-martin-un-koncertorganizacijas-eesti-kontsert-jaungada-koncertu-skatitaji-noverte-ar-vetrainiem-aplausiem\/#primaryimage"},"image":{"@id":"https:\/\/liviko.eu\/lv\/galerija-remy-martin-un-koncertorganizacijas-eesti-kontsert-jaungada-koncertu-skatitaji-noverte-ar-vetrainiem-aplausiem\/#primaryimage"},"thumbnailUrl":"https:\/\/liviko.eu\/wp-content\/uploads\/2022\/01\/9WbbqJ-M.jpeg","datePublished":"2022-01-03T07:07:00+00:00","dateModified":"2022-01-24T07:08:22+00:00","description":"Liviko on rahvusvaheline kiirelt arenev kvaliteetalkoholi grupp, mis m\u00fc\u00fcb omatooteid 60 turul ja esindab maailma juhtivaid kvaliteetalkoholi br\u00e4nde Baltimaades.","breadcrumb":{"@id":"https:\/\/liviko.eu\/lv\/galerija-remy-martin-un-koncertorganizacijas-eesti-kontsert-jaungada-koncertu-skatitaji-noverte-ar-vetrainiem-aplausiem\/#breadcrumb"},"inLanguage":"lv-LV","potentialAction":[{"@type":"ReadAction","target":["https:\/\/liviko.eu\/lv\/galerija-remy-martin-un-koncertorganizacijas-eesti-kontsert-jaungada-koncertu-skatitaji-noverte-ar-vetrainiem-aplausiem\/"]}]},{"@type":"ImageObject","inLanguage":"lv-LV","@id":"https:\/\/liviko.eu\/lv\/galerija-remy-martin-un-koncertorganizacijas-eesti-kontsert-jaungada-koncertu-skatitaji-noverte-ar-vetrainiem-aplausiem\/#primaryimage","url":"https:\/\/liviko.eu\/wp-content\/uploads\/2022\/01\/9WbbqJ-M.jpeg","contentUrl":"https:\/\/liviko.eu\/wp-content\/uploads\/2022\/01\/9WbbqJ-M.jpeg","width":2500,"height":1667},{"@type":"BreadcrumbList","@id":"https:\/\/liviko.eu\/lv\/galerija-remy-martin-un-koncertorganizacijas-eesti-kontsert-jaungada-koncertu-skatitaji-noverte-ar-vetrainiem-aplausiem\/#breadcrumb","itemListElement":[{"@type":"ListItem","position":1,"name":"Home","item":"https:\/\/liviko.eu\/lv\/"},{"@type":"ListItem","position":2,"name":"Galerija: \u201cR\u00e9my Martin\u201d un koncertorganiz\u0101cijas \u201cEesti Kontsert\u201d Jaungada koncertu skat\u012bt\u0101ji nov\u0113rt\u0113 ar v\u0113trainiem aplausiem"}]},{"@type":"WebSite","@id":"https:\/\/liviko.eu\/lv\/#website","url":"https:\/\/liviko.eu\/lv\/","name":"Liviko","description":"anno 1898","publisher":{"@id":"https:\/\/liviko.eu\/lv\/#organization"},"potentialAction":[{"@type":"SearchAction","target":{"@type":"EntryPoint","urlTemplate":"https:\/\/liviko.eu\/lv\/?s={search_term_string}"},"query-input":{"@type":"PropertyValueSpecification","valueRequired":true,"valueName":"search_term_string"}}],"inLanguage":"lv-LV"},{"@type":"Organization","@id":"https:\/\/liviko.eu\/lv\/#organization","name":"Liviko","url":"https:\/\/liviko.eu\/lv\/","logo":{"@type":"ImageObject","inLanguage":"lv-LV","@id":"https:\/\/liviko.eu\/lv\/#\/schema\/logo\/image\/","url":"https:\/\/liviko.eu\/wp-content\/uploads\/2020\/10\/liviko_logo.png","contentUrl":"https:\/\/liviko.eu\/wp-content\/uploads\/2020\/10\/liviko_logo.png","width":515,"height":181,"caption":"Liviko"},"image":{"@id":"https:\/\/liviko.eu\/lv\/#\/schema\/logo\/image\/"},"sameAs":["https:\/\/www.facebook.com\/LivikoDistillery\/","https:\/\/www.instagram.com\/livikodistillery","https:\/\/www.linkedin.com\/company\/liviko\/","https:\/\/www.youtube.com\/channel\/UCnoHr-PaNxBHJO8nMDLVGuA"]},{"@type":"Person","@id":"https:\/\/liviko.eu\/lv\/#\/schema\/person\/84beb87931ee45abdac800ac4d648280","name":"LoretteP","image":{"@type":"ImageObject","inLanguage":"lv-LV","@id":"https:\/\/liviko.eu\/lv\/#\/schema\/person\/image\/","url":"https:\/\/secure.gravatar.com\/avatar\/c04e319e034c56e70253aa1390c527b7?s=96&d=mm&r=g","contentUrl":"https:\/\/secure.gravatar.com\/avatar\/c04e319e034c56e70253aa1390c527b7?s=96&d=mm&r=g","caption":"LoretteP"}}]}},"_links":{"self":[{"href":"https:\/\/liviko.eu\/lv\/wp-json\/wp\/v2\/posts\/27725","targetHints":{"allow":["GET"]}}],"collection":[{"href":"https:\/\/liviko.eu\/lv\/wp-json\/wp\/v2\/posts"}],"about":[{"href":"https:\/\/liviko.eu\/lv\/wp-json\/wp\/v2\/types\/post"}],"author":[{"embeddable":true,"href":"https:\/\/liviko.eu\/lv\/wp-json\/wp\/v2\/users\/8"}],"replies":[{"embeddable":true,"href":"https:\/\/liviko.eu\/lv\/wp-json\/wp\/v2\/comments?post=27725"}],"version-history":[{"count":1,"href":"https:\/\/liviko.eu\/lv\/wp-json\/wp\/v2\/posts\/27725\/revisions"}],"predecessor-version":[{"id":27726,"href":"https:\/\/liviko.eu\/lv\/wp-json\/wp\/v2\/posts\/27725\/revisions\/27726"}],"wp:featuredmedia":[{"embeddable":true,"href":"https:\/\/liviko.eu\/lv\/wp-json\/wp\/v2\/media\/27642"}],"wp:attachment":[{"href":"https:\/\/liviko.eu\/lv\/wp-json\/wp\/v2\/media?parent=27725"}],"wp:term":[{"taxonomy":"category","embeddable":true,"href":"https:\/\/liviko.eu\/lv\/wp-json\/wp\/v2\/categories?post=27725"},{"taxonomy":"post_tag","embeddable":true,"href":"https:\/\/liviko.eu\/lv\/wp-json\/wp\/v2\/tags?post=27725"},{"taxonomy":"pagrindinis_gerimas","embeddable":true,"href":"https:\/\/liviko.eu\/lv\/wp-json\/wp\/v2\/pagrindinis_gerimas?post=27725"},{"taxonomy":"skonis","embeddable":true,"href":"https:\/\/liviko.eu\/lv\/wp-json\/wp\/v2\/skonis?post=27725"},{"taxonomy":"prekinis_zenklas","embeddable":true,"href":"https:\/\/liviko.eu\/lv\/wp-json\/wp\/v2\/prekinis_zenklas?post=27725"}],"curies":[{"name":"wp","href":"https:\/\/api.w.org\/{rel}","templated":true}]}}