{"id":51011,"date":"2023-11-06T14:34:40","date_gmt":"2023-11-06T14:34:40","guid":{"rendered":"https:\/\/liviko.eu\/?p=51011"},"modified":"2023-11-23T14:35:26","modified_gmt":"2023-11-23T14:35:26","slug":"uznemumu-liviko-apmekle-igaunijas-republikas-prezidents","status":"publish","type":"post","link":"https:\/\/liviko.eu\/lv\/uznemumu-liviko-apmekle-igaunijas-republikas-prezidents\/","title":{"rendered":"Uz\u0146\u0113mumu \u201cLiviko\u201d apmekl\u0113 Igaunijas Republikas prezidents"},"content":{"rendered":"\n<p><strong>Valsts prezidents Alars Kariss (<em>Alar Karis<\/em>) apmekl\u0113ja uz\u0146\u0113mumu \u201cLiviko\u201d, kas \u0161oruden svin\u0113ja 125. dzim\u0161anas dienu. P\u0113c r\u016bpn\u012bcas apskates un v\u0113stures iepaz\u012b\u0161anas viesiem tika sniegts ar\u012b \u012bss p\u0101rskats par m\u016bsdienu \u201cLiviko\u201d, ra\u017eo\u0161anas specifiku un eksporta tirgiem. Kop\u0101 ar Igaunijas valsts vad\u012bt\u0101ju \u201cLiviko\u201d apmekl\u0113ja ar\u012b prezidenta kancelejas kolekt\u012bvs.<\/strong><\/p>\n\n\n\n<p>\u201cValsts vad\u012bt\u0101ja viz\u012bte uz\u0146\u0113mum\u0101 \u201cLiviko\u201d ir v\u0113sturisks notikums, un tas noteikti ir liels gods visiem m\u016bsu cilv\u0113kiem. M\u0113s katru dienu c\u012bt\u012bgi str\u0101d\u0101jam, lai veicin\u0101tu komp\u0101nijas att\u012bst\u012bbu un eksporta apjomu, un priec\u0101jamies, ka m\u016bsu centieni tiek nov\u0113rt\u0113ti. T\u0101 ir atzin\u012bba visam Igaunijas dz\u0113rienu ra\u017eo\u0161anas sektoram,\u201d sac\u012bja \u201cLiviko\u201d vad\u012bt\u0101js Janeks Kalvi (<em>Janek Kalvi<\/em>).<\/p>\n\n\n\n<p>\u0160\u0101 gada 25. septembr\u012b \u201cLiviko\u201d svin\u0113ja 125. dzim\u0161anas dienu. Uz\u0146\u0113mums dibin\u0101ts 1898. gad\u0101 k\u0101 valsts alkohola monopols. Tam ir gara un unik\u0101la v\u0113sture. Igaunijas Republikas pirm\u0101s neatkar\u012bbas laik\u0101 no 1918. l\u012bdz 1940. gadam \u201cLiviko\u201d pieder\u0113ja valstij. Alkohola ra\u017eotne \u201cLiviko\u201d, kas v\u0113stures l\u012bklo\u010du laik\u0101 pam\u012b\u0161us bijusi da\u017e\u0101du valsts varu pak\u013caut\u012bb\u0101, kop\u0161 2000. gada ietilpst progres\u012bv\u0101 priv\u0101t\u0101 invest\u012bciju koncern\u0101 <em>NG Investments. <\/em>Tas veicin\u0101jis \u201cLiviko\u201d izaugsmi, uz\u0146\u0113mums \u0161obr\u012bd ir \u013coti veiksm\u012bgs dz\u0113rienu ra\u017eot\u0101js starptautisk\u0101 m\u0113rog\u0101.<\/p>\n\n\n\n<p>\u201cLiviko\u201d r\u016bpn\u012bcas ekskursij\u0101 viesi var apskat\u012bt v\u0113sturisk\u0101s \u0113kas, iepaz\u012bties ar ra\u017eo\u0161anu un apmekl\u0113t interakt\u012bvo muzeju. Ekskursij\u0101 var redz\u0113t visu dz\u0113rienu tap\u0161anas procesu \u2013 s\u0101kot no izejvielu izv\u0113les l\u012bdz dz\u0113rienu pild\u012b\u0161anai pudel\u0113s.\u00a0R\u016bpn\u012bcas ekskursijai var pieteikties tikai pilngad\u012bgie viesi.<\/p>\n\n\n\n<figure class=\"wp-block-video\"><video controls src=\"http:\/\/liviko.eu\/wp-content\/uploads\/2023\/11\/Luhike_energilisem.mp4\"><\/video><\/figure>\n","protected":false},"excerpt":{"rendered":"<p>Valsts prezidents Alars Kariss (Alar Karis) apmekl\u0113ja uz\u0146\u0113mumu \u201cLiviko\u201d, kas \u0161oruden svin\u0113ja 125. dzim\u0161anas dienu. P\u0113c r\u016bpn\u012bcas apskates un v\u0113stures iepaz\u012b\u0161anas viesiem tika sniegts ar\u012b \u012bss p\u0101rskats par m\u016bsdienu \u201cLiviko\u201d, ra\u017eo\u0161anas specifiku un eksporta tirgiem. Kop\u0101 ar Igaunijas valsts vad\u012bt\u0101ju&#8230;<\/p>\n","protected":false},"author":8,"featured_media":50737,"comment_status":"closed","ping_status":"closed","sticky":false,"template":"","format":"standard","meta":{"_acf_changed":false,"inline_featured_image":false,"_monsterinsights_skip_tracking":false,"_monsterinsights_sitenote_active":false,"_monsterinsights_sitenote_note":"","_monsterinsights_sitenote_category":0,"footnotes":""},"categories":[16],"tags":[],"pagrindinis_gerimas":[],"skonis":[],"prekinis_zenklas":[],"class_list":["post-51011","post","type-post","status-publish","format-standard","has-post-thumbnail","hentry","category-uncategorized-lv"],"acf":[],"yoast_head":"<!-- This site is optimized with the Yoast SEO plugin v24.0 - https:\/\/yoast.com\/wordpress\/plugins\/seo\/ -->\n<title>Uz\u0146\u0113mumu \u201cLiviko\u201d apmekl\u0113 Igaunijas Republikas prezidents - Liviko<\/title>\n<meta name=\"description\" content=\"Liviko on rahvusvaheline kiirelt arenev kvaliteetalkoholi grupp, mis m\u00fc\u00fcb omatooteid 60 turul ja esindab maailma juhtivaid kvaliteetalkoholi br\u00e4nde Baltimaades.\" \/>\n<meta name=\"robots\" content=\"index, follow, max-snippet:-1, max-image-preview:large, max-video-preview:-1\" \/>\n<link rel=\"canonical\" href=\"https:\/\/liviko.eu\/lv\/uznemumu-liviko-apmekle-igaunijas-republikas-prezidents\/\" \/>\n<meta property=\"og:locale\" content=\"lv_LV\" \/>\n<meta property=\"og:type\" content=\"article\" \/>\n<meta property=\"og:title\" content=\"Uz\u0146\u0113mumu \u201cLiviko\u201d apmekl\u0113 Igaunijas Republikas prezidents - Liviko\" \/>\n<meta property=\"og:description\" content=\"Liviko on rahvusvaheline kiirelt arenev kvaliteetalkoholi grupp, mis m\u00fc\u00fcb omatooteid 60 turul ja esindab maailma juhtivaid kvaliteetalkoholi br\u00e4nde Baltimaades.\" \/>\n<meta property=\"og:url\" content=\"https:\/\/liviko.eu\/lv\/uznemumu-liviko-apmekle-igaunijas-republikas-prezidents\/\" \/>\n<meta property=\"og:site_name\" content=\"Liviko\" \/>\n<meta property=\"article:publisher\" content=\"https:\/\/www.facebook.com\/LivikoDistillery\/\" \/>\n<meta property=\"article:published_time\" content=\"2023-11-06T14:34:40+00:00\" \/>\n<meta property=\"article:modified_time\" content=\"2023-11-23T14:35:26+00:00\" \/>\n<meta property=\"og:image\" content=\"https:\/\/liviko.eu\/wp-content\/uploads\/2023\/11\/800x530.jpg\" \/>\n\t<meta property=\"og:image:width\" content=\"800\" \/>\n\t<meta property=\"og:image:height\" content=\"530\" \/>\n\t<meta property=\"og:image:type\" content=\"image\/jpeg\" \/>\n<meta name=\"author\" content=\"LoretteP\" \/>\n<meta name=\"twitter:card\" content=\"summary_large_image\" \/>\n<meta name=\"twitter:label1\" content=\"Written by\" \/>\n\t<meta name=\"twitter:data1\" content=\"LoretteP\" \/>\n\t<meta name=\"twitter:label2\" content=\"Est. reading time\" \/>\n\t<meta name=\"twitter:data2\" content=\"1 minute\" \/>\n<script type=\"application\/ld+json\" class=\"yoast-schema-graph\">{\"@context\":\"https:\/\/schema.org\",\"@graph\":[{\"@type\":\"NewsArticle\",\"@id\":\"https:\/\/liviko.eu\/lv\/uznemumu-liviko-apmekle-igaunijas-republikas-prezidents\/#article\",\"isPartOf\":{\"@id\":\"https:\/\/liviko.eu\/lv\/uznemumu-liviko-apmekle-igaunijas-republikas-prezidents\/\"},\"author\":{\"name\":\"LoretteP\",\"@id\":\"https:\/\/liviko.eu\/lv\/#\/schema\/person\/84beb87931ee45abdac800ac4d648280\"},\"headline\":\"Uz\u0146\u0113mumu \u201cLiviko\u201d apmekl\u0113 Igaunijas Republikas prezidents\",\"datePublished\":\"2023-11-06T14:34:40+00:00\",\"dateModified\":\"2023-11-23T14:35:26+00:00\",\"mainEntityOfPage\":{\"@id\":\"https:\/\/liviko.eu\/lv\/uznemumu-liviko-apmekle-igaunijas-republikas-prezidents\/\"},\"wordCount\":300,\"publisher\":{\"@id\":\"https:\/\/liviko.eu\/lv\/#organization\"},\"image\":{\"@id\":\"https:\/\/liviko.eu\/lv\/uznemumu-liviko-apmekle-igaunijas-republikas-prezidents\/#primaryimage\"},\"thumbnailUrl\":\"https:\/\/liviko.eu\/wp-content\/uploads\/2023\/11\/800x530.jpg\",\"articleSection\":[\"Uncategorized @lv\"],\"inLanguage\":\"lv-LV\"},{\"@type\":\"WebPage\",\"@id\":\"https:\/\/liviko.eu\/lv\/uznemumu-liviko-apmekle-igaunijas-republikas-prezidents\/\",\"url\":\"https:\/\/liviko.eu\/lv\/uznemumu-liviko-apmekle-igaunijas-republikas-prezidents\/\",\"name\":\"Uz\u0146\u0113mumu \u201cLiviko\u201d apmekl\u0113 Igaunijas Republikas prezidents - Liviko\",\"isPartOf\":{\"@id\":\"https:\/\/liviko.eu\/lv\/#website\"},\"primaryImageOfPage\":{\"@id\":\"https:\/\/liviko.eu\/lv\/uznemumu-liviko-apmekle-igaunijas-republikas-prezidents\/#primaryimage\"},\"image\":{\"@id\":\"https:\/\/liviko.eu\/lv\/uznemumu-liviko-apmekle-igaunijas-republikas-prezidents\/#primaryimage\"},\"thumbnailUrl\":\"https:\/\/liviko.eu\/wp-content\/uploads\/2023\/11\/800x530.jpg\",\"datePublished\":\"2023-11-06T14:34:40+00:00\",\"dateModified\":\"2023-11-23T14:35:26+00:00\",\"description\":\"Liviko on rahvusvaheline kiirelt arenev kvaliteetalkoholi grupp, mis m\u00fc\u00fcb omatooteid 60 turul ja esindab maailma juhtivaid kvaliteetalkoholi br\u00e4nde Baltimaades.\",\"breadcrumb\":{\"@id\":\"https:\/\/liviko.eu\/lv\/uznemumu-liviko-apmekle-igaunijas-republikas-prezidents\/#breadcrumb\"},\"inLanguage\":\"lv-LV\",\"potentialAction\":[{\"@type\":\"ReadAction\",\"target\":[\"https:\/\/liviko.eu\/lv\/uznemumu-liviko-apmekle-igaunijas-republikas-prezidents\/\"]}]},{\"@type\":\"ImageObject\",\"inLanguage\":\"lv-LV\",\"@id\":\"https:\/\/liviko.eu\/lv\/uznemumu-liviko-apmekle-igaunijas-republikas-prezidents\/#primaryimage\",\"url\":\"https:\/\/liviko.eu\/wp-content\/uploads\/2023\/11\/800x530.jpg\",\"contentUrl\":\"https:\/\/liviko.eu\/wp-content\/uploads\/2023\/11\/800x530.jpg\",\"width\":800,\"height\":530},{\"@type\":\"BreadcrumbList\",\"@id\":\"https:\/\/liviko.eu\/lv\/uznemumu-liviko-apmekle-igaunijas-republikas-prezidents\/#breadcrumb\",\"itemListElement\":[{\"@type\":\"ListItem\",\"position\":1,\"name\":\"Home\",\"item\":\"https:\/\/liviko.eu\/lv\/\"},{\"@type\":\"ListItem\",\"position\":2,\"name\":\"Uz\u0146\u0113mumu \u201cLiviko\u201d apmekl\u0113 Igaunijas Republikas prezidents\"}]},{\"@type\":\"WebSite\",\"@id\":\"https:\/\/liviko.eu\/lv\/#website\",\"url\":\"https:\/\/liviko.eu\/lv\/\",\"name\":\"Liviko\",\"description\":\"anno 1898\",\"publisher\":{\"@id\":\"https:\/\/liviko.eu\/lv\/#organization\"},\"potentialAction\":[{\"@type\":\"SearchAction\",\"target\":{\"@type\":\"EntryPoint\",\"urlTemplate\":\"https:\/\/liviko.eu\/lv\/?s={search_term_string}\"},\"query-input\":{\"@type\":\"PropertyValueSpecification\",\"valueRequired\":true,\"valueName\":\"search_term_string\"}}],\"inLanguage\":\"lv-LV\"},{\"@type\":\"Organization\",\"@id\":\"https:\/\/liviko.eu\/lv\/#organization\",\"name\":\"Liviko\",\"url\":\"https:\/\/liviko.eu\/lv\/\",\"logo\":{\"@type\":\"ImageObject\",\"inLanguage\":\"lv-LV\",\"@id\":\"https:\/\/liviko.eu\/lv\/#\/schema\/logo\/image\/\",\"url\":\"https:\/\/liviko.eu\/wp-content\/uploads\/2020\/10\/liviko_logo.png\",\"contentUrl\":\"https:\/\/liviko.eu\/wp-content\/uploads\/2020\/10\/liviko_logo.png\",\"width\":515,\"height\":181,\"caption\":\"Liviko\"},\"image\":{\"@id\":\"https:\/\/liviko.eu\/lv\/#\/schema\/logo\/image\/\"},\"sameAs\":[\"https:\/\/www.facebook.com\/LivikoDistillery\/\",\"https:\/\/www.instagram.com\/livikodistillery\",\"https:\/\/www.linkedin.com\/company\/liviko\/\",\"https:\/\/www.youtube.com\/channel\/UCnoHr-PaNxBHJO8nMDLVGuA\"]},{\"@type\":\"Person\",\"@id\":\"https:\/\/liviko.eu\/lv\/#\/schema\/person\/84beb87931ee45abdac800ac4d648280\",\"name\":\"LoretteP\",\"image\":{\"@type\":\"ImageObject\",\"inLanguage\":\"lv-LV\",\"@id\":\"https:\/\/liviko.eu\/lv\/#\/schema\/person\/image\/\",\"url\":\"https:\/\/secure.gravatar.com\/avatar\/c04e319e034c56e70253aa1390c527b7?s=96&d=mm&r=g\",\"contentUrl\":\"https:\/\/secure.gravatar.com\/avatar\/c04e319e034c56e70253aa1390c527b7?s=96&d=mm&r=g\",\"caption\":\"LoretteP\"}}]}<\/script>\n<!-- \/ Yoast SEO plugin. -->","yoast_head_json":{"title":"Uz\u0146\u0113mumu \u201cLiviko\u201d apmekl\u0113 Igaunijas Republikas prezidents - Liviko","description":"Liviko on rahvusvaheline kiirelt arenev kvaliteetalkoholi grupp, mis m\u00fc\u00fcb omatooteid 60 turul ja esindab maailma juhtivaid kvaliteetalkoholi br\u00e4nde Baltimaades.","robots":{"index":"index","follow":"follow","max-snippet":"max-snippet:-1","max-image-preview":"max-image-preview:large","max-video-preview":"max-video-preview:-1"},"canonical":"https:\/\/liviko.eu\/lv\/uznemumu-liviko-apmekle-igaunijas-republikas-prezidents\/","og_locale":"lv_LV","og_type":"article","og_title":"Uz\u0146\u0113mumu \u201cLiviko\u201d apmekl\u0113 Igaunijas Republikas prezidents - Liviko","og_description":"Liviko on rahvusvaheline kiirelt arenev kvaliteetalkoholi grupp, mis m\u00fc\u00fcb omatooteid 60 turul ja esindab maailma juhtivaid kvaliteetalkoholi br\u00e4nde Baltimaades.","og_url":"https:\/\/liviko.eu\/lv\/uznemumu-liviko-apmekle-igaunijas-republikas-prezidents\/","og_site_name":"Liviko","article_publisher":"https:\/\/www.facebook.com\/LivikoDistillery\/","article_published_time":"2023-11-06T14:34:40+00:00","article_modified_time":"2023-11-23T14:35:26+00:00","og_image":[{"width":800,"height":530,"url":"https:\/\/liviko.eu\/wp-content\/uploads\/2023\/11\/800x530.jpg","type":"image\/jpeg"}],"author":"LoretteP","twitter_card":"summary_large_image","twitter_misc":{"Written by":"LoretteP","Est. reading time":"1 minute"},"schema":{"@context":"https:\/\/schema.org","@graph":[{"@type":"NewsArticle","@id":"https:\/\/liviko.eu\/lv\/uznemumu-liviko-apmekle-igaunijas-republikas-prezidents\/#article","isPartOf":{"@id":"https:\/\/liviko.eu\/lv\/uznemumu-liviko-apmekle-igaunijas-republikas-prezidents\/"},"author":{"name":"LoretteP","@id":"https:\/\/liviko.eu\/lv\/#\/schema\/person\/84beb87931ee45abdac800ac4d648280"},"headline":"Uz\u0146\u0113mumu \u201cLiviko\u201d apmekl\u0113 Igaunijas Republikas prezidents","datePublished":"2023-11-06T14:34:40+00:00","dateModified":"2023-11-23T14:35:26+00:00","mainEntityOfPage":{"@id":"https:\/\/liviko.eu\/lv\/uznemumu-liviko-apmekle-igaunijas-republikas-prezidents\/"},"wordCount":300,"publisher":{"@id":"https:\/\/liviko.eu\/lv\/#organization"},"image":{"@id":"https:\/\/liviko.eu\/lv\/uznemumu-liviko-apmekle-igaunijas-republikas-prezidents\/#primaryimage"},"thumbnailUrl":"https:\/\/liviko.eu\/wp-content\/uploads\/2023\/11\/800x530.jpg","articleSection":["Uncategorized @lv"],"inLanguage":"lv-LV"},{"@type":"WebPage","@id":"https:\/\/liviko.eu\/lv\/uznemumu-liviko-apmekle-igaunijas-republikas-prezidents\/","url":"https:\/\/liviko.eu\/lv\/uznemumu-liviko-apmekle-igaunijas-republikas-prezidents\/","name":"Uz\u0146\u0113mumu \u201cLiviko\u201d apmekl\u0113 Igaunijas Republikas prezidents - Liviko","isPartOf":{"@id":"https:\/\/liviko.eu\/lv\/#website"},"primaryImageOfPage":{"@id":"https:\/\/liviko.eu\/lv\/uznemumu-liviko-apmekle-igaunijas-republikas-prezidents\/#primaryimage"},"image":{"@id":"https:\/\/liviko.eu\/lv\/uznemumu-liviko-apmekle-igaunijas-republikas-prezidents\/#primaryimage"},"thumbnailUrl":"https:\/\/liviko.eu\/wp-content\/uploads\/2023\/11\/800x530.jpg","datePublished":"2023-11-06T14:34:40+00:00","dateModified":"2023-11-23T14:35:26+00:00","description":"Liviko on rahvusvaheline kiirelt arenev kvaliteetalkoholi grupp, mis m\u00fc\u00fcb omatooteid 60 turul ja esindab maailma juhtivaid kvaliteetalkoholi br\u00e4nde Baltimaades.","breadcrumb":{"@id":"https:\/\/liviko.eu\/lv\/uznemumu-liviko-apmekle-igaunijas-republikas-prezidents\/#breadcrumb"},"inLanguage":"lv-LV","potentialAction":[{"@type":"ReadAction","target":["https:\/\/liviko.eu\/lv\/uznemumu-liviko-apmekle-igaunijas-republikas-prezidents\/"]}]},{"@type":"ImageObject","inLanguage":"lv-LV","@id":"https:\/\/liviko.eu\/lv\/uznemumu-liviko-apmekle-igaunijas-republikas-prezidents\/#primaryimage","url":"https:\/\/liviko.eu\/wp-content\/uploads\/2023\/11\/800x530.jpg","contentUrl":"https:\/\/liviko.eu\/wp-content\/uploads\/2023\/11\/800x530.jpg","width":800,"height":530},{"@type":"BreadcrumbList","@id":"https:\/\/liviko.eu\/lv\/uznemumu-liviko-apmekle-igaunijas-republikas-prezidents\/#breadcrumb","itemListElement":[{"@type":"ListItem","position":1,"name":"Home","item":"https:\/\/liviko.eu\/lv\/"},{"@type":"ListItem","position":2,"name":"Uz\u0146\u0113mumu \u201cLiviko\u201d apmekl\u0113 Igaunijas Republikas prezidents"}]},{"@type":"WebSite","@id":"https:\/\/liviko.eu\/lv\/#website","url":"https:\/\/liviko.eu\/lv\/","name":"Liviko","description":"anno 1898","publisher":{"@id":"https:\/\/liviko.eu\/lv\/#organization"},"potentialAction":[{"@type":"SearchAction","target":{"@type":"EntryPoint","urlTemplate":"https:\/\/liviko.eu\/lv\/?s={search_term_string}"},"query-input":{"@type":"PropertyValueSpecification","valueRequired":true,"valueName":"search_term_string"}}],"inLanguage":"lv-LV"},{"@type":"Organization","@id":"https:\/\/liviko.eu\/lv\/#organization","name":"Liviko","url":"https:\/\/liviko.eu\/lv\/","logo":{"@type":"ImageObject","inLanguage":"lv-LV","@id":"https:\/\/liviko.eu\/lv\/#\/schema\/logo\/image\/","url":"https:\/\/liviko.eu\/wp-content\/uploads\/2020\/10\/liviko_logo.png","contentUrl":"https:\/\/liviko.eu\/wp-content\/uploads\/2020\/10\/liviko_logo.png","width":515,"height":181,"caption":"Liviko"},"image":{"@id":"https:\/\/liviko.eu\/lv\/#\/schema\/logo\/image\/"},"sameAs":["https:\/\/www.facebook.com\/LivikoDistillery\/","https:\/\/www.instagram.com\/livikodistillery","https:\/\/www.linkedin.com\/company\/liviko\/","https:\/\/www.youtube.com\/channel\/UCnoHr-PaNxBHJO8nMDLVGuA"]},{"@type":"Person","@id":"https:\/\/liviko.eu\/lv\/#\/schema\/person\/84beb87931ee45abdac800ac4d648280","name":"LoretteP","image":{"@type":"ImageObject","inLanguage":"lv-LV","@id":"https:\/\/liviko.eu\/lv\/#\/schema\/person\/image\/","url":"https:\/\/secure.gravatar.com\/avatar\/c04e319e034c56e70253aa1390c527b7?s=96&d=mm&r=g","contentUrl":"https:\/\/secure.gravatar.com\/avatar\/c04e319e034c56e70253aa1390c527b7?s=96&d=mm&r=g","caption":"LoretteP"}}]}},"_links":{"self":[{"href":"https:\/\/liviko.eu\/lv\/wp-json\/wp\/v2\/posts\/51011","targetHints":{"allow":["GET"]}}],"collection":[{"href":"https:\/\/liviko.eu\/lv\/wp-json\/wp\/v2\/posts"}],"about":[{"href":"https:\/\/liviko.eu\/lv\/wp-json\/wp\/v2\/types\/post"}],"author":[{"embeddable":true,"href":"https:\/\/liviko.eu\/lv\/wp-json\/wp\/v2\/users\/8"}],"replies":[{"embeddable":true,"href":"https:\/\/liviko.eu\/lv\/wp-json\/wp\/v2\/comments?post=51011"}],"version-history":[{"count":2,"href":"https:\/\/liviko.eu\/lv\/wp-json\/wp\/v2\/posts\/51011\/revisions"}],"predecessor-version":[{"id":51013,"href":"https:\/\/liviko.eu\/lv\/wp-json\/wp\/v2\/posts\/51011\/revisions\/51013"}],"wp:featuredmedia":[{"embeddable":true,"href":"https:\/\/liviko.eu\/lv\/wp-json\/wp\/v2\/media\/50737"}],"wp:attachment":[{"href":"https:\/\/liviko.eu\/lv\/wp-json\/wp\/v2\/media?parent=51011"}],"wp:term":[{"taxonomy":"category","embeddable":true,"href":"https:\/\/liviko.eu\/lv\/wp-json\/wp\/v2\/categories?post=51011"},{"taxonomy":"post_tag","embeddable":true,"href":"https:\/\/liviko.eu\/lv\/wp-json\/wp\/v2\/tags?post=51011"},{"taxonomy":"pagrindinis_gerimas","embeddable":true,"href":"https:\/\/liviko.eu\/lv\/wp-json\/wp\/v2\/pagrindinis_gerimas?post=51011"},{"taxonomy":"skonis","embeddable":true,"href":"https:\/\/liviko.eu\/lv\/wp-json\/wp\/v2\/skonis?post=51011"},{"taxonomy":"prekinis_zenklas","embeddable":true,"href":"https:\/\/liviko.eu\/lv\/wp-json\/wp\/v2\/prekinis_zenklas?post=51011"}],"curies":[{"name":"wp","href":"https:\/\/api.w.org\/{rel}","templated":true}]}}